{"id":7173,"date":"2016-04-15T11:29:28","date_gmt":"2016-04-15T11:29:28","guid":{"rendered":"https:\/\/armstrongyregion.com.ar\/diario\/?p=7173"},"modified":"2016-04-15T11:29:28","modified_gmt":"2016-04-15T11:29:28","slug":"canada-de-gomez-avance-para-la-concrecion-del-centro-tecnologico-del-mueble","status":"publish","type":"post","link":"https:\/\/armstrongyregion.com.ar\/diario\/canada-de-gomez-avance-para-la-concrecion-del-centro-tecnologico-del-mueble\/","title":{"rendered":"Ca\u00f1ada de G\u00f3mez. Avance para la concreci\u00f3n del Centro Tecnol\u00f3gico del Mueble."},"content":{"rendered":"<p><a href=\"http:\/\/armstrongyregion.com.ar\/diario\/wp-content\/uploads\/2016\/04\/estela-Clerici.jpg\"><img loading=\"lazy\" decoding=\"async\" class=\"alignnone size-full wp-image-7174\" src=\"http:\/\/armstrongyregion.com.ar\/diario\/wp-content\/uploads\/2016\/04\/estela-Clerici.jpg\" alt=\"estela-Clerici\" width=\"768\" height=\"576\" srcset=\"https:\/\/armstrongyregion.com.ar\/diario\/wp-content\/uploads\/2016\/04\/estela-Clerici.jpg 768w, https:\/\/armstrongyregion.com.ar\/diario\/wp-content\/uploads\/2016\/04\/estela-Clerici-300x225.jpg 300w\" sizes=\"auto, (max-width: 768px) 100vw, 768px\" \/><\/a>La intendenta Stella Cl\u00e9rici junto a representantes de Fudeca y la C\u00e1mara de la Madera present\u00f3 el proyecto ante la Agencia Nacional de<br \/>\nPromoci\u00f3n Cient\u00edfica y Tecnol\u00f3gica para la obtenci\u00f3n del financiamiento.<br \/>\nLa intendenta Stella Cl\u00e9rici junto a representantes de la C\u00e1mara de la Madera y Fudeca present\u00f3 el proyecto del Centro Tecnol\u00f3gico del Mueble<br \/>\nante representantes Agencia Nacional de Promoci\u00f3n Cient\u00edfica y Tecnol\u00f3gica.<br \/>\nDe aprobarse la iniciativa, el Fondo Tecnol\u00f3gico Argentino (FONTAR), financiar\u00e1 este proyecto dirigidos al mejoramiento de la productividad a<br \/>\ntrav\u00e9s de la innovaci\u00f3n tecnol\u00f3gica. As\u00ed mismo qued\u00f3 abierta la posibilidad para la presentaci\u00f3n de nuevos proyectos dentro de esta<br \/>\nl\u00edneas de financiaci\u00f3n.<br \/>\nLos objetivos del Centro Tecnol\u00f3gico ser\u00e1n: asistencia t\u00e9cnica en Dise\u00f1o y desarrollo de modelos y prototipos; investigaci\u00f3n, desarrollo y<br \/>\naplicaci\u00f3n de nuevos materiales; laboratorio de control de calidad y certificaci\u00f3n de normas; capacitaci\u00f3n de Recursos Humanos del sector y<br \/>\nasistencia t\u00e9cnica en la reutilizaci\u00f3n de residuos y cumplimiento de normas ambientales.<br \/>\n\u201cEs importante porque una de las problem\u00e1ticas que tienen los empresarios es conseguir personal capacitado, ya que la industria local<br \/>\nrequiere hoy en d\u00eda personal con conocimientos espec\u00edficos. Con este Centro Tecnol\u00f3gico damos una respuesta a la necesidad de capacitaci\u00f3n<br \/>\nque demandan el mercado\u201d, destac\u00f3 la intendenta Cl\u00e9rici.<br \/>\nFinalmente valor\u00f3 la importancia de la articulaci\u00f3n p\u00fablico privada para la concreci\u00f3n de estos importantes proyectos.<\/p>\n","protected":false},"excerpt":{"rendered":"<p>La intendenta Stella Cl\u00e9rici junto a representantes de Fudeca y la C\u00e1mara de la Madera present\u00f3 el proyecto ante la Agencia Nacional de Promoci\u00f3n Cient\u00edfica y Tecnol\u00f3gica para la obtenci\u00f3n del financiamiento. La intendenta Stella Cl\u00e9rici junto a representantes de la C\u00e1mara de la Madera y Fudeca present\u00f3 el proyecto del Centro Tecnol\u00f3gico del Mueble <a href=\"https:\/\/armstrongyregion.com.ar\/diario\/canada-de-gomez-avance-para-la-concrecion-del-centro-tecnologico-del-mueble\/\" title=\"Read more\" >&#8230;<\/a><\/p>\n","protected":false},"author":2,"featured_media":7174,"comment_status":"open","ping_status":"open","sticky":false,"template":"","format":"standard","meta":{"_jetpack_memberships_contains_paid_content":false,"footnotes":"","jetpack_publicize_message":"","jetpack_publicize_feature_enabled":true,"jetpack_social_post_already_shared":false,"jetpack_social_options":{"image_generator_settings":{"template":"highway","default_image_id":0,"enabled":false},"version":2}},"categories":[1,7,3],"tags":[3690,163,21,1370,19,164,81,3741],"class_list":["post-7173","post","type-post","status-publish","format-standard","has-post-thumbnail","hentry","category-diario-armstrong","category-politica","category-region","tag-avance","tag-canada","tag-centro","tag-concrecion","tag-de","tag-gomez","tag-para","tag-tecnologico"],"jetpack_publicize_connections":[],"jetpack_featured_media_url":"https:\/\/armstrongyregion.com.ar\/diario\/wp-content\/uploads\/2016\/04\/estela-Clerici.jpg","jetpack_shortlink":"https:\/\/wp.me\/p62QDO-1RH","jetpack_sharing_enabled":true,"amp_enabled":true,"_links":{"self":[{"href":"https:\/\/armstrongyregion.com.ar\/diario\/wp-json\/wp\/v2\/posts\/7173","targetHints":{"allow":["GET"]}}],"collection":[{"href":"https:\/\/armstrongyregion.com.ar\/diario\/wp-json\/wp\/v2\/posts"}],"about":[{"href":"https:\/\/armstrongyregion.com.ar\/diario\/wp-json\/wp\/v2\/types\/post"}],"author":[{"embeddable":true,"href":"https:\/\/armstrongyregion.com.ar\/diario\/wp-json\/wp\/v2\/users\/2"}],"replies":[{"embeddable":true,"href":"https:\/\/armstrongyregion.com.ar\/diario\/wp-json\/wp\/v2\/comments?post=7173"}],"version-history":[{"count":0,"href":"https:\/\/armstrongyregion.com.ar\/diario\/wp-json\/wp\/v2\/posts\/7173\/revisions"}],"wp:featuredmedia":[{"embeddable":true,"href":"https:\/\/armstrongyregion.com.ar\/diario\/wp-json\/wp\/v2\/media\/7174"}],"wp:attachment":[{"href":"https:\/\/armstrongyregion.com.ar\/diario\/wp-json\/wp\/v2\/media?parent=7173"}],"wp:term":[{"taxonomy":"category","embeddable":true,"href":"https:\/\/armstrongyregion.com.ar\/diario\/wp-json\/wp\/v2\/categories?post=7173"},{"taxonomy":"post_tag","embeddable":true,"href":"https:\/\/armstrongyregion.com.ar\/diario\/wp-json\/wp\/v2\/tags?post=7173"}],"curies":[{"name":"wp","href":"https:\/\/api.w.org\/{rel}","templated":true}]}}