{"id":7170,"date":"2016-04-15T11:23:59","date_gmt":"2016-04-15T11:23:59","guid":{"rendered":"https:\/\/armstrongyregion.com.ar\/diario\/?p=7170"},"modified":"2016-04-15T11:23:59","modified_gmt":"2016-04-15T11:23:59","slug":"carrizales-rasetto-se-reunio-con-vecinos-por-los-terrenos-en-conflicto","status":"publish","type":"post","link":"https:\/\/armstrongyregion.com.ar\/diario\/carrizales-rasetto-se-reunio-con-vecinos-por-los-terrenos-en-conflicto\/","title":{"rendered":"Carrizales: Rasetto se reuni\u00f3 con vecinos por los terrenos en conflicto."},"content":{"rendered":"<p><a href=\"http:\/\/armstrongyregion.com.ar\/diario\/wp-content\/uploads\/2016\/04\/Rasetto-.jpg\"><img loading=\"lazy\" decoding=\"async\" class=\"alignnone size-full wp-image-7171\" src=\"http:\/\/armstrongyregion.com.ar\/diario\/wp-content\/uploads\/2016\/04\/Rasetto-.jpg\" alt=\"Rasetto-\" width=\"768\" height=\"576\" srcset=\"https:\/\/armstrongyregion.com.ar\/diario\/wp-content\/uploads\/2016\/04\/Rasetto-.jpg 768w, https:\/\/armstrongyregion.com.ar\/diario\/wp-content\/uploads\/2016\/04\/Rasetto--300x225.jpg 300w\" sizes=\"auto, (max-width: 768px) 100vw, 768px\" \/><\/a>El senador dialog\u00f3 con las personas que, a trav\u00e9s de una Ordenanza, hab\u00edan adquirido a fines de 2015 una serie de lotes comunales para construir all\u00ed sus viviendas, y se vieron perjudicados por la decisi\u00f3n de la gesti\u00f3n actual, que anul\u00f3 la normativa para hacerse nuevamente con los terrenos.<\/p>\n<p>Seg\u00fan la opini\u00f3n del senador la situaci\u00f3n es \u201ccompleja\u201d, ya que cada una de las partes involucradas esgrime argumentos para defender sus decisiones, pero agreg\u00f3 que \u201ccuando el resultado de anular la decisi\u00f3n de una gesti\u00f3n saliente, es que 14 familias pierdan los terrenos que hab\u00edan adquirido para construir all\u00ed sus viviendas, la misma se debe tomar con argumentos muy s\u00f3lidos, y hasta el momento, este no parece ser el caso\u201d.<\/p>\n<p>Rasetto expres\u00f3 que el motivo de esta reuni\u00f3n celebrada en Carrizales fue \u201cdialogar con los vecinos que se han visto perjudicados por esta situaci\u00f3n, y ponerme a disposici\u00f3n de sus necesidades en este momento dif\u00edcil que atraviesan\u201d, y tambi\u00e9n \u201cestar atento a las derivaciones que puede tener esta decisi\u00f3n de la actual gesti\u00f3n, buscando evitar que todos los vecinos de Carrizales se terminen viendo perjudicados por una decisi\u00f3n de car\u00e1cter pol\u00edtico\u201d.<\/p>\n","protected":false},"excerpt":{"rendered":"<p>El senador dialog\u00f3 con las personas que, a trav\u00e9s de una Ordenanza, hab\u00edan adquirido a fines de 2015 una serie de lotes comunales para construir all\u00ed sus viviendas, y se vieron perjudicados por la decisi\u00f3n de la gesti\u00f3n actual, que anul\u00f3 la normativa para hacerse nuevamente con los terrenos. Seg\u00fan la opini\u00f3n del senador la <a href=\"https:\/\/armstrongyregion.com.ar\/diario\/carrizales-rasetto-se-reunio-con-vecinos-por-los-terrenos-en-conflicto\/\" title=\"Read more\" >&#8230;<\/a><\/p>\n","protected":false},"author":2,"featured_media":7171,"comment_status":"open","ping_status":"open","sticky":false,"template":"","format":"standard","meta":{"_jetpack_memberships_contains_paid_content":false,"footnotes":"","jetpack_publicize_message":"","jetpack_publicize_feature_enabled":true,"jetpack_social_post_already_shared":false,"jetpack_social_options":{"image_generator_settings":{"template":"highway","default_image_id":0,"enabled":false},"version":2}},"categories":[1,7,3],"tags":[3740,100,355,15,977,343,86,344],"class_list":["post-7170","post","type-post","status-publish","format-standard","has-post-thumbnail","hentry","category-diario-armstrong","category-politica","category-region","tag-carrizales","tag-con","tag-conflicto","tag-en","tag-rasetto","tag-reunio","tag-se","tag-vecinos"],"jetpack_publicize_connections":[],"jetpack_featured_media_url":"https:\/\/armstrongyregion.com.ar\/diario\/wp-content\/uploads\/2016\/04\/Rasetto-.jpg","jetpack_shortlink":"https:\/\/wp.me\/p62QDO-1RE","jetpack_sharing_enabled":true,"amp_enabled":true,"_links":{"self":[{"href":"https:\/\/armstrongyregion.com.ar\/diario\/wp-json\/wp\/v2\/posts\/7170","targetHints":{"allow":["GET"]}}],"collection":[{"href":"https:\/\/armstrongyregion.com.ar\/diario\/wp-json\/wp\/v2\/posts"}],"about":[{"href":"https:\/\/armstrongyregion.com.ar\/diario\/wp-json\/wp\/v2\/types\/post"}],"author":[{"embeddable":true,"href":"https:\/\/armstrongyregion.com.ar\/diario\/wp-json\/wp\/v2\/users\/2"}],"replies":[{"embeddable":true,"href":"https:\/\/armstrongyregion.com.ar\/diario\/wp-json\/wp\/v2\/comments?post=7170"}],"version-history":[{"count":0,"href":"https:\/\/armstrongyregion.com.ar\/diario\/wp-json\/wp\/v2\/posts\/7170\/revisions"}],"wp:featuredmedia":[{"embeddable":true,"href":"https:\/\/armstrongyregion.com.ar\/diario\/wp-json\/wp\/v2\/media\/7171"}],"wp:attachment":[{"href":"https:\/\/armstrongyregion.com.ar\/diario\/wp-json\/wp\/v2\/media?parent=7170"}],"wp:term":[{"taxonomy":"category","embeddable":true,"href":"https:\/\/armstrongyregion.com.ar\/diario\/wp-json\/wp\/v2\/categories?post=7170"},{"taxonomy":"post_tag","embeddable":true,"href":"https:\/\/armstrongyregion.com.ar\/diario\/wp-json\/wp\/v2\/tags?post=7170"}],"curies":[{"name":"wp","href":"https:\/\/api.w.org\/{rel}","templated":true}]}}