{"id":7155,"date":"2016-04-14T01:13:10","date_gmt":"2016-04-14T01:13:10","guid":{"rendered":"https:\/\/armstrongyregion.com.ar\/diario\/?p=7155"},"modified":"2016-04-14T01:31:12","modified_gmt":"2016-04-14T01:31:12","slug":"marozzi-la-reunion-del-lunes-con-los-comerciantes-fue-muy-productiva","status":"publish","type":"post","link":"https:\/\/armstrongyregion.com.ar\/diario\/marozzi-la-reunion-del-lunes-con-los-comerciantes-fue-muy-productiva\/","title":{"rendered":"Marozzi: \u201cLa reuni\u00f3n del lunes con los comerciantes fue muy productiva\u201d."},"content":{"rendered":"<p><a href=\"http:\/\/armstrongyregion.com.ar\/diario\/wp-content\/uploads\/2016\/04\/Adrian-Marozzi.jpg\"><img loading=\"lazy\" decoding=\"async\" class=\"alignnone size-full wp-image-7156\" src=\"http:\/\/armstrongyregion.com.ar\/diario\/wp-content\/uploads\/2016\/04\/Adrian-Marozzi.jpg\" alt=\"Adrian-Marozzi\" width=\"768\" height=\"537\" srcset=\"https:\/\/armstrongyregion.com.ar\/diario\/wp-content\/uploads\/2016\/04\/Adrian-Marozzi.jpg 768w, https:\/\/armstrongyregion.com.ar\/diario\/wp-content\/uploads\/2016\/04\/Adrian-Marozzi-300x210.jpg 300w\" sizes=\"auto, (max-width: 768px) 100vw, 768px\" \/><\/a>El pte del concejo Adrian Marozzi, fue consultado por la reuni\u00f3n con integrantes del Centro Comercial, Industrial y Rural y nos dec\u00eda, \u201cSe tocaron distintos temas, uno de ellos fue el estacionamiento de los veh\u00edculos en el centro, donde hubo distintas opiniones, inclusive entre ellos\u201d.<\/p>\n<p>Tambi\u00e9n mencion\u00f3, \u201cSe habl\u00f3 de crear conciencia entre la poblaci\u00f3n con el tema del estacionamiento para que sea m\u00e1s organizado. Nosotros somos un \u00f3rgano legislativo y tenemos que trabajar en comisi\u00f3n al respecto\u201d.<\/p>\n<p>Marozzi aclar\u00f3, \u201cNosotros vivimos una democracia representativa, donde los que presentan ordenanzas son los mismos concejales que son elegidos por el pueblo, donde se aceptan los temas y despu\u00e9s se redactan las ordenanzas, de acuerdo al trabajo de cada concejal\u201d.<\/p>\n<p>Nota a\u00a0Ricardo Achilli, Pte. Del C.C.I.&amp; R. (Centro Comercial Industrial y Rural de Armstrong)a minutos de culminar la sesi\u00f3n de comisi\u00f3n del concejo deliberante.<\/p>\n<blockquote class=\"wp-embedded-content\" data-secret=\"zz0aB0D73W\"><p><a href=\"https:\/\/armstrongyregion.com.ar\/diario\/comerciantes-de-nuestra-ciudad-en-el-concejo-municipal\/\">Comerciantes de nuestra ciudad en el Concejo Municipal.<\/a><\/p><\/blockquote>\n<p><iframe loading=\"lazy\" class=\"wp-embedded-content\" sandbox=\"allow-scripts\" security=\"restricted\" style=\"position: absolute; visibility: hidden;\" title=\"\u00abComerciantes de nuestra ciudad en el Concejo Municipal.\u00bb \u2014 Diario Armstrong y Regi\u00f3n\" src=\"https:\/\/armstrongyregion.com.ar\/diario\/comerciantes-de-nuestra-ciudad-en-el-concejo-municipal\/embed\/#?secret=BbJCzkzOZ1#?secret=zz0aB0D73W\" data-secret=\"zz0aB0D73W\" width=\"600\" height=\"338\" frameborder=\"0\" marginwidth=\"0\" marginheight=\"0\" scrolling=\"no\"><\/iframe><\/p>\n<blockquote class=\"wp-embedded-content\" data-secret=\"zz0aB0D73W\"><p><a href=\"https:\/\/armstrongyregion.com.ar\/diario\/comerciantes-de-nuestra-ciudad-en-el-concejo-municipal\/\">Comerciantes de nuestra ciudad en el Concejo Municipal.<\/a><\/p><\/blockquote>\n<p><iframe loading=\"lazy\" class=\"wp-embedded-content\" sandbox=\"allow-scripts\" security=\"restricted\" style=\"position: absolute; visibility: hidden;\" title=\"\u00abComerciantes de nuestra ciudad en el Concejo Municipal.\u00bb \u2014 Diario Armstrong y Regi\u00f3n\" src=\"https:\/\/armstrongyregion.com.ar\/diario\/comerciantes-de-nuestra-ciudad-en-el-concejo-municipal\/embed\/#?secret=BbJCzkzOZ1#?secret=zz0aB0D73W\" data-secret=\"zz0aB0D73W\" width=\"600\" height=\"338\" frameborder=\"0\" marginwidth=\"0\" marginheight=\"0\" scrolling=\"no\"><\/iframe><\/p>\n","protected":false},"excerpt":{"rendered":"<p>El pte del concejo Adrian Marozzi, fue consultado por la reuni\u00f3n con integrantes del Centro Comercial, Industrial y Rural y nos dec\u00eda, \u201cSe tocaron distintos temas, uno de ellos fue el estacionamiento de los veh\u00edculos en el centro, donde hubo distintas opiniones, inclusive entre ellos\u201d. Tambi\u00e9n mencion\u00f3, \u201cSe habl\u00f3 de crear conciencia entre la poblaci\u00f3n <a href=\"https:\/\/armstrongyregion.com.ar\/diario\/marozzi-la-reunion-del-lunes-con-los-comerciantes-fue-muy-productiva\/\" title=\"Read more\" >&#8230;<\/a><\/p>\n","protected":false},"author":2,"featured_media":7156,"comment_status":"open","ping_status":"open","sticky":false,"template":"","format":"standard","meta":{"_jetpack_memberships_contains_paid_content":false,"footnotes":"","jetpack_publicize_message":"","jetpack_publicize_feature_enabled":true,"jetpack_social_post_already_shared":false,"jetpack_social_options":{"image_generator_settings":{"template":"highway","default_image_id":0,"enabled":false},"version":2}},"categories":[1,2,7,3],"tags":[2457,100,53,1665,31,42,539,1577,212,3362,462],"class_list":["post-7155","post","type-post","status-publish","format-standard","has-post-thumbnail","hentry","category-diario-armstrong","category-locales","category-politica","category-region","tag-comerciantes","tag-con","tag-del","tag-fue","tag-la","tag-los","tag-lunes","tag-marozzi","tag-muy","tag-productiva","tag-reunion"],"jetpack_publicize_connections":[],"jetpack_featured_media_url":"https:\/\/armstrongyregion.com.ar\/diario\/wp-content\/uploads\/2016\/04\/Adrian-Marozzi.jpg","jetpack_shortlink":"https:\/\/wp.me\/p62QDO-1Rp","jetpack_sharing_enabled":true,"amp_enabled":true,"_links":{"self":[{"href":"https:\/\/armstrongyregion.com.ar\/diario\/wp-json\/wp\/v2\/posts\/7155","targetHints":{"allow":["GET"]}}],"collection":[{"href":"https:\/\/armstrongyregion.com.ar\/diario\/wp-json\/wp\/v2\/posts"}],"about":[{"href":"https:\/\/armstrongyregion.com.ar\/diario\/wp-json\/wp\/v2\/types\/post"}],"author":[{"embeddable":true,"href":"https:\/\/armstrongyregion.com.ar\/diario\/wp-json\/wp\/v2\/users\/2"}],"replies":[{"embeddable":true,"href":"https:\/\/armstrongyregion.com.ar\/diario\/wp-json\/wp\/v2\/comments?post=7155"}],"version-history":[{"count":0,"href":"https:\/\/armstrongyregion.com.ar\/diario\/wp-json\/wp\/v2\/posts\/7155\/revisions"}],"wp:featuredmedia":[{"embeddable":true,"href":"https:\/\/armstrongyregion.com.ar\/diario\/wp-json\/wp\/v2\/media\/7156"}],"wp:attachment":[{"href":"https:\/\/armstrongyregion.com.ar\/diario\/wp-json\/wp\/v2\/media?parent=7155"}],"wp:term":[{"taxonomy":"category","embeddable":true,"href":"https:\/\/armstrongyregion.com.ar\/diario\/wp-json\/wp\/v2\/categories?post=7155"},{"taxonomy":"post_tag","embeddable":true,"href":"https:\/\/armstrongyregion.com.ar\/diario\/wp-json\/wp\/v2\/tags?post=7155"}],"curies":[{"name":"wp","href":"https:\/\/api.w.org\/{rel}","templated":true}]}}