{"id":7148,"date":"2016-04-13T22:25:11","date_gmt":"2016-04-13T22:25:11","guid":{"rendered":"https:\/\/armstrongyregion.com.ar\/diario\/?p=7148"},"modified":"2016-04-13T22:25:11","modified_gmt":"2016-04-13T22:25:11","slug":"rostagno-lamento-si-los-proyectos-que-presento-le-causan-gracia-a-los-concejales-del-oficialismo","status":"publish","type":"post","link":"https:\/\/armstrongyregion.com.ar\/diario\/rostagno-lamento-si-los-proyectos-que-presento-le-causan-gracia-a-los-concejales-del-oficialismo\/","title":{"rendered":"Rostagno, \u201cLamento si los proyectos que presento le causan gracia a los concejales del oficialismo\u201d"},"content":{"rendered":"<p><a href=\"http:\/\/armstrongyregion.com.ar\/diario\/wp-content\/uploads\/2016\/04\/Leo-Rostagno-Concejal-.jpg\"><img loading=\"lazy\" decoding=\"async\" class=\"alignnone size-full wp-image-7150\" src=\"http:\/\/armstrongyregion.com.ar\/diario\/wp-content\/uploads\/2016\/04\/Leo-Rostagno-Concejal-.jpg\" alt=\"Leo-Rostagno-Concejal-\" width=\"768\" height=\"556\" srcset=\"https:\/\/armstrongyregion.com.ar\/diario\/wp-content\/uploads\/2016\/04\/Leo-Rostagno-Concejal-.jpg 768w, https:\/\/armstrongyregion.com.ar\/diario\/wp-content\/uploads\/2016\/04\/Leo-Rostagno-Concejal--300x217.jpg 300w\" sizes=\"auto, (max-width: 768px) 100vw, 768px\" \/><\/a>El concejal Rostagno al comienzo de la nota dijo, \u201cYo quiero aclarar que mis proyectos est\u00e1n relacionados a los problemas que ata\u00f1en a la gente, lamento si les causa gracia a los concejales del oficialismo\u201d.<\/p>\n<p>Consultamos a que se refer\u00eda, y expres\u00f3,\u201d En la noche de hoy he presentado 5 minutas, la mayor\u00eda relacionadas a la obra p\u00fablica, con esto de las lluvias y el bajo mantenimiento que est\u00e1 teniendo nuestra ciudad, las calles est\u00e1n en estado calamitoso y los vecinos, nos plantean sus quejas y yo como concejal de quienes me votaron y de quienes no respondo a los vecinos, reitero, lamento de que a los concejales les cause gracia los problemas que sufre nuestra gente\u201d.<\/p>\n","protected":false},"excerpt":{"rendered":"<p>El concejal Rostagno al comienzo de la nota dijo, \u201cYo quiero aclarar que mis proyectos est\u00e1n relacionados a los problemas que ata\u00f1en a la gente, lamento si les causa gracia a los concejales del oficialismo\u201d. Consultamos a que se refer\u00eda, y expres\u00f3,\u201d En la noche de hoy he presentado 5 minutas, la mayor\u00eda relacionadas a <a href=\"https:\/\/armstrongyregion.com.ar\/diario\/rostagno-lamento-si-los-proyectos-que-presento-le-causan-gracia-a-los-concejales-del-oficialismo\/\" title=\"Read more\" >&#8230;<\/a><\/p>\n","protected":false},"author":2,"featured_media":7150,"comment_status":"open","ping_status":"open","sticky":false,"template":"","format":"standard","meta":{"_jetpack_memberships_contains_paid_content":false,"footnotes":"","jetpack_publicize_message":"","jetpack_publicize_feature_enabled":true,"jetpack_social_post_already_shared":false,"jetpack_social_options":{"image_generator_settings":{"template":"highway","default_image_id":0,"enabled":false},"version":2}},"categories":[1,2,7,3],"tags":[1758,33,3733,845,53,3422,3731,3732,42,3609,25,385,108,1751],"class_list":["post-7148","post","type-post","status-publish","format-standard","has-post-thumbnail","hentry","category-diario-armstrong","category-locales","category-politica","category-region","tag-si","tag-a","tag-causa","tag-concejales","tag-del","tag-gracia","tag-lamento","tag-les","tag-los","tag-oficialismo","tag-presento","tag-proyectos","tag-que","tag-rostagno"],"jetpack_publicize_connections":[],"jetpack_featured_media_url":"https:\/\/armstrongyregion.com.ar\/diario\/wp-content\/uploads\/2016\/04\/Leo-Rostagno-Concejal-.jpg","jetpack_shortlink":"https:\/\/wp.me\/p62QDO-1Ri","jetpack_sharing_enabled":true,"amp_enabled":true,"_links":{"self":[{"href":"https:\/\/armstrongyregion.com.ar\/diario\/wp-json\/wp\/v2\/posts\/7148","targetHints":{"allow":["GET"]}}],"collection":[{"href":"https:\/\/armstrongyregion.com.ar\/diario\/wp-json\/wp\/v2\/posts"}],"about":[{"href":"https:\/\/armstrongyregion.com.ar\/diario\/wp-json\/wp\/v2\/types\/post"}],"author":[{"embeddable":true,"href":"https:\/\/armstrongyregion.com.ar\/diario\/wp-json\/wp\/v2\/users\/2"}],"replies":[{"embeddable":true,"href":"https:\/\/armstrongyregion.com.ar\/diario\/wp-json\/wp\/v2\/comments?post=7148"}],"version-history":[{"count":0,"href":"https:\/\/armstrongyregion.com.ar\/diario\/wp-json\/wp\/v2\/posts\/7148\/revisions"}],"wp:featuredmedia":[{"embeddable":true,"href":"https:\/\/armstrongyregion.com.ar\/diario\/wp-json\/wp\/v2\/media\/7150"}],"wp:attachment":[{"href":"https:\/\/armstrongyregion.com.ar\/diario\/wp-json\/wp\/v2\/media?parent=7148"}],"wp:term":[{"taxonomy":"category","embeddable":true,"href":"https:\/\/armstrongyregion.com.ar\/diario\/wp-json\/wp\/v2\/categories?post=7148"},{"taxonomy":"post_tag","embeddable":true,"href":"https:\/\/armstrongyregion.com.ar\/diario\/wp-json\/wp\/v2\/tags?post=7148"}],"curies":[{"name":"wp","href":"https:\/\/api.w.org\/{rel}","templated":true}]}}