{"id":7140,"date":"2016-04-13T21:25:37","date_gmt":"2016-04-13T21:25:37","guid":{"rendered":"https:\/\/armstrongyregion.com.ar\/diario\/?p=7140"},"modified":"2016-04-13T21:25:37","modified_gmt":"2016-04-13T21:25:37","slug":"la-cooperativa-se-reune-con-autoridades-del-ministerio-de-energia-de-la-nacion","status":"publish","type":"post","link":"https:\/\/armstrongyregion.com.ar\/diario\/la-cooperativa-se-reune-con-autoridades-del-ministerio-de-energia-de-la-nacion\/","title":{"rendered":"La Cooperativa se reune con autoridades del Ministerio de Energ\u00eda de la Naci\u00f3n."},"content":{"rendered":"<p><a href=\"http:\/\/armstrongyregion.com.ar\/diario\/wp-content\/uploads\/2016\/04\/Cooperativa-.jpg\"><img loading=\"lazy\" decoding=\"async\" class=\"alignnone size-full wp-image-7141\" src=\"http:\/\/armstrongyregion.com.ar\/diario\/wp-content\/uploads\/2016\/04\/Cooperativa-.jpg\" alt=\"Cooperativa-\" width=\"498\" height=\"280\" srcset=\"https:\/\/armstrongyregion.com.ar\/diario\/wp-content\/uploads\/2016\/04\/Cooperativa-.jpg 498w, https:\/\/armstrongyregion.com.ar\/diario\/wp-content\/uploads\/2016\/04\/Cooperativa--300x169.jpg 300w\" sizes=\"auto, (max-width: 498px) 100vw, 498px\" \/><\/a>Gestiones para el logro de una tarifa social adaptada a la realidad del interior del pa\u00eds.<br \/>\nLa Cooperativa de Provisi\u00f3n de Obras y Servicios P\u00fablicos y Cr\u00e9dito Limitada de Armstrong, informa que nuestros representantes estar\u00e1n reuni\u00e9ndose con autoridades del Ministerio de Energ\u00eda y Miner\u00eda de la Naci\u00f3n este jueves 14 de abril en la ciudad de Buenos Aires, con el objetivo de plantear la revisi\u00f3n de las medidas tomadas por esta repartici\u00f3n.<br \/>\nEntendemos que la realidad social del interior del pa\u00eds tiene particularidades diferenciadoras de las grandes ciudades, que deben ser tenidas en cuenta a la hora de establecerse una tarifa social. Estos puntos ser\u00e1n parte de la agenda a tratar con las autoridades.<\/p>\n","protected":false},"excerpt":{"rendered":"<p>Gestiones para el logro de una tarifa social adaptada a la realidad del interior del pa\u00eds. La Cooperativa de Provisi\u00f3n de Obras y Servicios P\u00fablicos y Cr\u00e9dito Limitada de Armstrong, informa que nuestros representantes estar\u00e1n reuni\u00e9ndose con autoridades del Ministerio de Energ\u00eda y Miner\u00eda de la Naci\u00f3n este jueves 14 de abril en la ciudad <a href=\"https:\/\/armstrongyregion.com.ar\/diario\/la-cooperativa-se-reune-con-autoridades-del-ministerio-de-energia-de-la-nacion\/\" title=\"Read more\" >&#8230;<\/a><\/p>\n","protected":false},"author":2,"featured_media":7141,"comment_status":"open","ping_status":"open","sticky":false,"template":"","format":"standard","meta":{"_jetpack_memberships_contains_paid_content":false,"footnotes":"","jetpack_publicize_message":"","jetpack_publicize_feature_enabled":true,"jetpack_social_post_already_shared":false,"jetpack_social_options":{"image_generator_settings":{"template":"highway","default_image_id":0,"enabled":false},"version":2}},"categories":[1,2,7,3],"tags":[857,100,3222,19,53,31,860,32,3728,86],"class_list":["post-7140","post","type-post","status-publish","format-standard","has-post-thumbnail","hentry","category-diario-armstrong","category-locales","category-politica","category-region","tag-autoridades","tag-con","tag-cooperativa","tag-de","tag-del","tag-la","tag-ministerio","tag-nacion","tag-reune","tag-se"],"jetpack_publicize_connections":[],"jetpack_featured_media_url":"https:\/\/armstrongyregion.com.ar\/diario\/wp-content\/uploads\/2016\/04\/Cooperativa-.jpg","jetpack_shortlink":"https:\/\/wp.me\/p62QDO-1Ra","jetpack_sharing_enabled":true,"amp_enabled":true,"_links":{"self":[{"href":"https:\/\/armstrongyregion.com.ar\/diario\/wp-json\/wp\/v2\/posts\/7140","targetHints":{"allow":["GET"]}}],"collection":[{"href":"https:\/\/armstrongyregion.com.ar\/diario\/wp-json\/wp\/v2\/posts"}],"about":[{"href":"https:\/\/armstrongyregion.com.ar\/diario\/wp-json\/wp\/v2\/types\/post"}],"author":[{"embeddable":true,"href":"https:\/\/armstrongyregion.com.ar\/diario\/wp-json\/wp\/v2\/users\/2"}],"replies":[{"embeddable":true,"href":"https:\/\/armstrongyregion.com.ar\/diario\/wp-json\/wp\/v2\/comments?post=7140"}],"version-history":[{"count":0,"href":"https:\/\/armstrongyregion.com.ar\/diario\/wp-json\/wp\/v2\/posts\/7140\/revisions"}],"wp:featuredmedia":[{"embeddable":true,"href":"https:\/\/armstrongyregion.com.ar\/diario\/wp-json\/wp\/v2\/media\/7141"}],"wp:attachment":[{"href":"https:\/\/armstrongyregion.com.ar\/diario\/wp-json\/wp\/v2\/media?parent=7140"}],"wp:term":[{"taxonomy":"category","embeddable":true,"href":"https:\/\/armstrongyregion.com.ar\/diario\/wp-json\/wp\/v2\/categories?post=7140"},{"taxonomy":"post_tag","embeddable":true,"href":"https:\/\/armstrongyregion.com.ar\/diario\/wp-json\/wp\/v2\/tags?post=7140"}],"curies":[{"name":"wp","href":"https:\/\/api.w.org\/{rel}","templated":true}]}}