{"id":7068,"date":"2016-04-10T02:32:00","date_gmt":"2016-04-10T02:32:00","guid":{"rendered":"https:\/\/armstrongyregion.com.ar\/diario\/?p=7068"},"modified":"2016-04-10T02:32:00","modified_gmt":"2016-04-10T02:32:00","slug":"el-partido-socialista-deliberando-en-la-ciudad-de-santa-fe","status":"publish","type":"post","link":"https:\/\/armstrongyregion.com.ar\/diario\/el-partido-socialista-deliberando-en-la-ciudad-de-santa-fe\/","title":{"rendered":"El Partido Socialista deliberando en la ciudad de Santa Fe."},"content":{"rendered":"<p><a href=\"http:\/\/armstrongyregion.com.ar\/diario\/wp-content\/uploads\/2016\/04\/congreso-socialista.jpg\"><img loading=\"lazy\" decoding=\"async\" class=\"alignnone size-full wp-image-7069\" src=\"http:\/\/armstrongyregion.com.ar\/diario\/wp-content\/uploads\/2016\/04\/congreso-socialista.jpg\" alt=\"congreso-socialista\" width=\"621\" height=\"465\" srcset=\"https:\/\/armstrongyregion.com.ar\/diario\/wp-content\/uploads\/2016\/04\/congreso-socialista.jpg 621w, https:\/\/armstrongyregion.com.ar\/diario\/wp-content\/uploads\/2016\/04\/congreso-socialista-300x225.jpg 300w\" sizes=\"auto, (max-width: 621px) 100vw, 621px\" \/><\/a>El encuentro se realiz\u00f3 en el Paraninfo de la Universidad Nacional del Litoral. La apertura estuvo a cargo del secretario general del partido y gobernador de la provincia, Miguel Lifschitz.<\/p>\n<p>Se realiz\u00f3 en el Paraninfo de la Universidad Nacional del Litoral, en la ciudad de Santa Fe, el 8\u00b0 Congreso Provincial Ordinario del Partido Socialista. La apertura estuvo a cargo del secretario general, el gobernador Miguel Lifschitz, y conto con la participaci\u00f3n de unos 500 delegados de todo el territorio. Entre las autoridades y militantes presentes, se destacaron las presencias de Antonio Bonfatti y Hermes Binner.<\/p>\n<p>Durante el encuentro se discuti\u00f3 sobre la realidad pol\u00edtica nacional y provincial y la organizaci\u00f3n partidaria del socialismo y sus estrategias territoriales. Para tales fines, se constituyeron dos comisiones de trabajo, que hacia el final de la jornada que se desarrolla en la ciudad capital fijar\u00e1n la posici\u00f3n pol\u00edtica del partido de la rosa.<\/p>\n<p>En la apertura, Miguel Lifschitz agradeci\u00f3 la presencia masiva de congresales y destac\u00f3 que 2016 es un a\u00f1o \u00abcargado de expectativas para los socialistas\u00bb en funci\u00f3n de poder generar un mayor crecimiento, desarrollo y consolidaci\u00f3n del proyecto en la provincia y el pa\u00eds. A su vez, dedic\u00f3 un p\u00e1rrafo para agradecer a sus compa\u00f1eros de junta provincial que lo acompa\u00f1aron durante la gesti\u00f3n como Secretario General que concluye en junio pr\u00f3ximo.<\/p>\n<p>\u00abCada congreso es un momento para repasar, hacer un balance de lo que hicimos. Siempre estamos debatiendo nuestros logros, nuestras gestiones, con mirada cr\u00edtica pero constructiva. Tenemos el enorme desaf\u00edo de mirar para adelante, repensar y mejorar un modelo de Frente Progresista para la provincia y para la Naci\u00f3n\u00bb, destac\u00f3 el actual mandatario.<\/p>\n<p>Luego, valor\u00f3 el crecimiento que tuvo el socialismo en toda la provincia y el trabajo coordinado entre sus diversos sectores internos, a pesar de las diferencias, lo cual sirvi\u00f3 para que \u00abno existan locales partidarios que sean exclusivo de un sector\u00bb. Asimismo, Lifschitz indic\u00f3: \u00abHemos comprobado que la unidad del partido y el trabajo dan resultado\u00bb.<\/p>\n<p>Finalmente, tuvo una menci\u00f3n especial para el Movimiento Nacional Reformista (MNR) que gan\u00f3 las elecciones estudiantiles en cinco facultades de la Universidad Nacional de Rosario y conserva cuatro en la Universidad Nacional del Litoral. A su vez, a la juventud del partido que hoy conduce el sector a nivel nacional y tiene la vicepresidencia en la Uni\u00f3n Internacional de Juventudes Socialistas.<\/p>\n<p>Del congreso tambi\u00e9n participaron Rub\u00e9n Galassi, Eduardo Di Pollina, M\u00f3nica Fein, Rub\u00e9n Giustiniani, Emilio Jat\u00f3n y Claudia Balagu\u00e9. Adem\u00e1s, Alicia Ciciliani, Enrique Est\u00e9vez, Natalia Enrico, Ra\u00fal Lamberto, Joaqu\u00edn Popi Blanco y Julio Garibaldi, entre otros dirigentes de toda la provincia de Santa Fe.-<\/p>\n<p>La Capital.com<\/p>\n","protected":false},"excerpt":{"rendered":"<p>El encuentro se realiz\u00f3 en el Paraninfo de la Universidad Nacional del Litoral. La apertura estuvo a cargo del secretario general del partido y gobernador de la provincia, Miguel Lifschitz. Se realiz\u00f3 en el Paraninfo de la Universidad Nacional del Litoral, en la ciudad de Santa Fe, el 8\u00b0 Congreso Provincial Ordinario del Partido Socialista. <a href=\"https:\/\/armstrongyregion.com.ar\/diario\/el-partido-socialista-deliberando-en-la-ciudad-de-santa-fe\/\" title=\"Read more\" >&#8230;<\/a><\/p>\n","protected":false},"author":2,"featured_media":7069,"comment_status":"open","ping_status":"open","sticky":false,"template":"","format":"standard","meta":{"_jetpack_memberships_contains_paid_content":false,"footnotes":"","jetpack_publicize_message":"","jetpack_publicize_feature_enabled":true,"jetpack_social_post_already_shared":false,"jetpack_social_options":{"image_generator_settings":{"template":"highway","default_image_id":0,"enabled":false},"version":2}},"categories":[1,2,7,3],"tags":[44,15,77,3708,399,3709],"class_list":["post-7068","post","type-post","status-publish","format-standard","has-post-thumbnail","hentry","category-diario-armstrong","category-locales","category-politica","category-region","tag-deliberando-2","tag-en","tag-fe","tag-partido","tag-santa","tag-socialista"],"jetpack_publicize_connections":[],"jetpack_featured_media_url":"https:\/\/armstrongyregion.com.ar\/diario\/wp-content\/uploads\/2016\/04\/congreso-socialista.jpg","jetpack_shortlink":"https:\/\/wp.me\/p62QDO-1Q0","jetpack_sharing_enabled":true,"amp_enabled":true,"_links":{"self":[{"href":"https:\/\/armstrongyregion.com.ar\/diario\/wp-json\/wp\/v2\/posts\/7068","targetHints":{"allow":["GET"]}}],"collection":[{"href":"https:\/\/armstrongyregion.com.ar\/diario\/wp-json\/wp\/v2\/posts"}],"about":[{"href":"https:\/\/armstrongyregion.com.ar\/diario\/wp-json\/wp\/v2\/types\/post"}],"author":[{"embeddable":true,"href":"https:\/\/armstrongyregion.com.ar\/diario\/wp-json\/wp\/v2\/users\/2"}],"replies":[{"embeddable":true,"href":"https:\/\/armstrongyregion.com.ar\/diario\/wp-json\/wp\/v2\/comments?post=7068"}],"version-history":[{"count":0,"href":"https:\/\/armstrongyregion.com.ar\/diario\/wp-json\/wp\/v2\/posts\/7068\/revisions"}],"wp:featuredmedia":[{"embeddable":true,"href":"https:\/\/armstrongyregion.com.ar\/diario\/wp-json\/wp\/v2\/media\/7069"}],"wp:attachment":[{"href":"https:\/\/armstrongyregion.com.ar\/diario\/wp-json\/wp\/v2\/media?parent=7068"}],"wp:term":[{"taxonomy":"category","embeddable":true,"href":"https:\/\/armstrongyregion.com.ar\/diario\/wp-json\/wp\/v2\/categories?post=7068"},{"taxonomy":"post_tag","embeddable":true,"href":"https:\/\/armstrongyregion.com.ar\/diario\/wp-json\/wp\/v2\/tags?post=7068"}],"curies":[{"name":"wp","href":"https:\/\/api.w.org\/{rel}","templated":true}]}}