{"id":7061,"date":"2016-04-09T14:47:43","date_gmt":"2016-04-09T14:47:43","guid":{"rendered":"https:\/\/armstrongyregion.com.ar\/diario\/?p=7061"},"modified":"2016-04-09T14:47:43","modified_gmt":"2016-04-09T14:47:43","slug":"racismo-y-discriminacion-un-problema-a-resolver-por-maria-damiani","status":"publish","type":"post","link":"https:\/\/armstrongyregion.com.ar\/diario\/racismo-y-discriminacion-un-problema-a-resolver-por-maria-damiani\/","title":{"rendered":"Racismo y discriminaci\u00f3n; un problema a resolver. Por Mar\u00eda Damiani."},"content":{"rendered":"<p><a href=\"http:\/\/armstrongyregion.com.ar\/diario\/wp-content\/uploads\/2016\/04\/Racismo.jpg\"><img loading=\"lazy\" decoding=\"async\" class=\"alignnone size-full wp-image-7062\" src=\"http:\/\/armstrongyregion.com.ar\/diario\/wp-content\/uploads\/2016\/04\/Racismo.jpg\" alt=\"Racismo\" width=\"768\" height=\"512\" srcset=\"https:\/\/armstrongyregion.com.ar\/diario\/wp-content\/uploads\/2016\/04\/Racismo.jpg 768w, https:\/\/armstrongyregion.com.ar\/diario\/wp-content\/uploads\/2016\/04\/Racismo-300x200.jpg 300w\" sizes=\"auto, (max-width: 768px) 100vw, 768px\" \/><\/a>La Asamblea General de las Naciones Unidas en 1979 decidi\u00f3 que se organizara anualmente, en todos los pa\u00edses, una semana de solidaridad con los pueblos que luchan contra el racismo y la discriminaci\u00f3n racial. Seg\u00fan la ONU \u201cEl racismo socava la paz, la seguridad, la justicia y el progreso social\u201d<\/p>\n<p>Muchas personas son v\u00edctimas de racismo en Espa\u00f1a. Algunos son inmigrantes con una vida estable, que llevan a\u00f1os viviendo en Espa\u00f1a, tienen trabajo y sus hijos han nacido en este pa\u00eds y, por l\u00e1stima, todav\u00eda suelen ser estereotipados por sus rasgos o conductas. Esto hace que se genere un sentimiento negativo hacia los extranjeros.<\/p>\n<p>\u201cNo ha habido ning\u00fan estudio que haya encontrado diferencias de inteligencia entre razas o subespecies\u201d, seg\u00fan Salvador Macip, m\u00e9dico, investigador y escritor espa\u00f1ol.<\/p>\n<p>La discriminaci\u00f3n nunca es un hecho espont\u00e1neo; detr\u00e1s del acto discriminatorio funciona un conjunto de creencias y opiniones que se han formado.<\/p>\n<p>Hace unos a\u00f1os una amiga africana me coment\u00f3 las situaciones de discriminaci\u00f3n que viv\u00eda en el colegio de sus ni\u00f1os cuando asist\u00eda a las reuniones de padres. Le coment\u00e9 que ser\u00eda de gran ayuda pensar que el verdadero Amor no excluye a nadie por diferencias raciales o \u00e9tnicas, porque no puede ver ning\u00fan tipo de imperfecci\u00f3n al existir unidad en toda la creaci\u00f3n del Amor. Ese Amor no hace acepci\u00f3n de personas. Reconocer que cada uno est\u00e1 excluido de creencias de la discriminaci\u00f3n es lo que elimina la muralla mental que discrimina. Ella mantuvo en su pensamiento estas verdades sanadoras y despu\u00e9s de un tiempo pudo comprobar c\u00f3mo se restableci\u00f3 la armon\u00eda en esas reuniones y en relaci\u00f3n a su hijo.<\/p>\n<p>En referencia a los derechos otorgados por el Amor divino a todos, la metaf\u00edsica cristiana Mary Baker Eddy escribi\u00f3: \u201cLa justicia y la verdad hacen libre al hombre, la injusticia y el error lo esclavizan\u201d.<\/p>\n<p>El derecho a la libertad es inherente a todas las personas.<\/p>\n<p>Ver la unidad en la diversidad es la verdadera espiritualidad, es lo que enriquece y beneficia a todos, un don que se valora y se acoge para el bien com\u00fan. Descubrir la naturaleza espiritual concerniente a cada uno es lo que disuelve los sentimientos tanto de superioridad como de inferioridad.<\/p>\n<p>Crear un entorno diverso requiere un esfuerzo consciente para desafiar las formas tradicionales de pensamiento.<\/p>\n<p>Bajo un punto de vista espiritual, no hay ninguna diferencia entre un hombre de piel m\u00e1s clara y otro de piel m\u00e1s oscura, entre un europeo y un latino.<\/p>\n<p>No hay origen racial cuando se comprende la verdadera esencia del ser y se reconoce el Principio divino presente en todos. No existen diferencias para el Amor que lo abarca todo y cuando se entiende eso, es posible amar incondicionalmente, sin dejarse influenciar por cualquier tipo de racismo y discriminaci\u00f3n.<\/p>\n<p>Amar a la raza humana con el fin de elevarla es el paso hacia el progreso moral y espiritual de la humanidad. Es un trabajo de todos.<\/p>\n<p>Mar\u00eda Damiani escribe acerca de la salud y el bienestar desde una perspectiva espiritual y es Comit\u00e9 de Publicaci\u00f3n de la Ciencia Cristiana en Espa\u00f1a. Email: spain@compub.org Twitter: @compubespana Blog: http:\/\/saludyalegria.org<\/p>\n","protected":false},"excerpt":{"rendered":"<p>La Asamblea General de las Naciones Unidas en 1979 decidi\u00f3 que se organizara anualmente, en todos los pa\u00edses, una semana de solidaridad con los pueblos que luchan contra el racismo y la discriminaci\u00f3n racial. Seg\u00fan la ONU \u201cEl racismo socava la paz, la seguridad, la justicia y el progreso social\u201d Muchas personas son v\u00edctimas de <a href=\"https:\/\/armstrongyregion.com.ar\/diario\/racismo-y-discriminacion-un-problema-a-resolver-por-maria-damiani\/\" title=\"Read more\" >&#8230;<\/a><\/p>\n","protected":false},"author":2,"featured_media":7062,"comment_status":"open","ping_status":"open","sticky":false,"template":"","format":"standard","meta":{"_jetpack_memberships_contains_paid_content":false,"footnotes":"","jetpack_publicize_message":"","jetpack_publicize_feature_enabled":true,"jetpack_social_post_already_shared":false,"jetpack_social_options":{"image_generator_settings":{"template":"highway","default_image_id":0,"enabled":false},"version":2}},"categories":[1,2,4,3],"tags":[3704,3703,13],"class_list":["post-7061","post","type-post","status-publish","format-standard","has-post-thumbnail","hentry","category-diario-armstrong","category-locales","category-prevencion-salud","category-region","tag-discriminacion","tag-racismo","tag-y"],"jetpack_publicize_connections":[],"jetpack_featured_media_url":"https:\/\/armstrongyregion.com.ar\/diario\/wp-content\/uploads\/2016\/04\/Racismo.jpg","jetpack_shortlink":"https:\/\/wp.me\/p62QDO-1PT","jetpack_sharing_enabled":true,"amp_enabled":true,"_links":{"self":[{"href":"https:\/\/armstrongyregion.com.ar\/diario\/wp-json\/wp\/v2\/posts\/7061","targetHints":{"allow":["GET"]}}],"collection":[{"href":"https:\/\/armstrongyregion.com.ar\/diario\/wp-json\/wp\/v2\/posts"}],"about":[{"href":"https:\/\/armstrongyregion.com.ar\/diario\/wp-json\/wp\/v2\/types\/post"}],"author":[{"embeddable":true,"href":"https:\/\/armstrongyregion.com.ar\/diario\/wp-json\/wp\/v2\/users\/2"}],"replies":[{"embeddable":true,"href":"https:\/\/armstrongyregion.com.ar\/diario\/wp-json\/wp\/v2\/comments?post=7061"}],"version-history":[{"count":0,"href":"https:\/\/armstrongyregion.com.ar\/diario\/wp-json\/wp\/v2\/posts\/7061\/revisions"}],"wp:featuredmedia":[{"embeddable":true,"href":"https:\/\/armstrongyregion.com.ar\/diario\/wp-json\/wp\/v2\/media\/7062"}],"wp:attachment":[{"href":"https:\/\/armstrongyregion.com.ar\/diario\/wp-json\/wp\/v2\/media?parent=7061"}],"wp:term":[{"taxonomy":"category","embeddable":true,"href":"https:\/\/armstrongyregion.com.ar\/diario\/wp-json\/wp\/v2\/categories?post=7061"},{"taxonomy":"post_tag","embeddable":true,"href":"https:\/\/armstrongyregion.com.ar\/diario\/wp-json\/wp\/v2\/tags?post=7061"}],"curies":[{"name":"wp","href":"https:\/\/api.w.org\/{rel}","templated":true}]}}