{"id":7058,"date":"2016-04-09T14:38:41","date_gmt":"2016-04-09T14:38:41","guid":{"rendered":"https:\/\/armstrongyregion.com.ar\/diario\/?p=7058"},"modified":"2016-04-09T14:38:41","modified_gmt":"2016-04-09T14:38:41","slug":"jornada-agenda-de-genero-y-politicas-publicas-en-casa-del-bicentenario","status":"publish","type":"post","link":"https:\/\/armstrongyregion.com.ar\/diario\/jornada-agenda-de-genero-y-politicas-publicas-en-casa-del-bicentenario\/","title":{"rendered":"Jornada \u201cAgenda de G\u00e9nero y Pol\u00edticas P\u00fablicas\u201d en Casa del Bicentenario."},"content":{"rendered":"<p><a href=\"http:\/\/armstrongyregion.com.ar\/diario\/wp-content\/uploads\/2016\/04\/Diego-Mansilla-.jpg\"><img loading=\"lazy\" decoding=\"async\" class=\"alignnone size-full wp-image-7059\" src=\"http:\/\/armstrongyregion.com.ar\/diario\/wp-content\/uploads\/2016\/04\/Diego-Mansilla-.jpg\" alt=\"Diego-Mansilla-\" width=\"768\" height=\"431\" srcset=\"https:\/\/armstrongyregion.com.ar\/diario\/wp-content\/uploads\/2016\/04\/Diego-Mansilla-.jpg 768w, https:\/\/armstrongyregion.com.ar\/diario\/wp-content\/uploads\/2016\/04\/Diego-Mansilla--300x168.jpg 300w\" sizes=\"auto, (max-width: 768px) 100vw, 768px\" \/><\/a>Se realiz\u00f3 una Conferencia de Prensa en Municipalidad de Las Parejas en la que estuvieron presentes el Intendente Municipal Horacio Compagnucci, el Parlamentario del Mercosur Diego Mansilla, la Presidente del Concejo Municipal M\u00f3nica N\u00f3bile, la Secretaria de Desarrollo Social, Lic. Georgina Pieretti y la Coordinadora de la Oficina de Empleo Graciela Capisano.<\/p>\n<p>En la misma se anunci\u00f3 que el pr\u00f3ximo lunes 11 de abril se realizar\u00e1 una jornada organizada por el Parlasur en colaboraci\u00f3n con la Municipalidad, la cual se denominar\u00e1 \u201cAgenda de G\u00e9nero y Pol\u00edticas P\u00fablicas\u201d y tomar\u00e1 lugar en la Casa del Bicentenario a partir de las 9 hs. La misma contar\u00e1 con tres paneles: el primero de ellos denominado \u201cHacia una agenda de g\u00e9nero en el Parlasur\u201d contara entre sus ponentes con las parlamentarias del Mercosur Julia Peri\u00e9, Fernanda Gil Lozano y Ana Mar\u00eda Corradi. El segundo panel denominado \u201cLa Agenda Nacional\u201d ser\u00e1 integrado por la Senadora Nacional Mar\u00eda de los \u00c1ngeles Sacnun, y las Diputadas Nacionales Lucila De Ponti y Josefina Gonz\u00e1lez. Por \u00faltimo, el tercer panel del encuentro abordar\u00e1 las \u201cAgendas Locales de G\u00e9nero\u201d y participar\u00e1n de la misma las Concejalas de la ciudad de Rosario Norma L\u00f3pez y Mar\u00eda Eugenia Schmuck, la Concejala de Las Parejas M\u00f3nica N\u00f3bile y la Secretaria de Desarrollo Social Georgina Pieretti.<\/p>\n<p>Adem\u00e1s, durante la conferencia de prensa, el Intendente Municipal Horacio Compagnucci y el Parlamentario Diego Mansilla informaron que han desarrollado un trabajo en conjunto con el Programa G\u00e9nero y Universidad de la UNR, producto del cual se est\u00e1 desarrollando una agenda de actividades para los meses por venir que incluir\u00e1 la realizaci\u00f3n de un taller de sensibilizaci\u00f3n en la localidad.<\/p>\n","protected":false},"excerpt":{"rendered":"<p>Se realiz\u00f3 una Conferencia de Prensa en Municipalidad de Las Parejas en la que estuvieron presentes el Intendente Municipal Horacio Compagnucci, el Parlamentario del Mercosur Diego Mansilla, la Presidente del Concejo Municipal M\u00f3nica N\u00f3bile, la Secretaria de Desarrollo Social, Lic. Georgina Pieretti y la Coordinadora de la Oficina de Empleo Graciela Capisano. En la misma <a href=\"https:\/\/armstrongyregion.com.ar\/diario\/jornada-agenda-de-genero-y-politicas-publicas-en-casa-del-bicentenario\/\" title=\"Read more\" >&#8230;<\/a><\/p>\n","protected":false},"author":2,"featured_media":7059,"comment_status":"open","ping_status":"open","sticky":false,"template":"","format":"standard","meta":{"_jetpack_memberships_contains_paid_content":false,"footnotes":"","jetpack_publicize_message":"","jetpack_publicize_feature_enabled":true,"jetpack_social_post_already_shared":false,"jetpack_social_options":{"image_generator_settings":{"template":"highway","default_image_id":0,"enabled":false},"version":2}},"categories":[1,2,7],"tags":[19,1898,1291,3084,1857,13],"class_list":["post-7058","post","type-post","status-publish","format-standard","has-post-thumbnail","hentry","category-diario-armstrong","category-locales","category-politica","tag-de","tag-genero","tag-jornada","tag-politicas","tag-publicas","tag-y"],"jetpack_publicize_connections":[],"jetpack_featured_media_url":"https:\/\/armstrongyregion.com.ar\/diario\/wp-content\/uploads\/2016\/04\/Diego-Mansilla-.jpg","jetpack_shortlink":"https:\/\/wp.me\/p62QDO-1PQ","jetpack_sharing_enabled":true,"amp_enabled":true,"_links":{"self":[{"href":"https:\/\/armstrongyregion.com.ar\/diario\/wp-json\/wp\/v2\/posts\/7058","targetHints":{"allow":["GET"]}}],"collection":[{"href":"https:\/\/armstrongyregion.com.ar\/diario\/wp-json\/wp\/v2\/posts"}],"about":[{"href":"https:\/\/armstrongyregion.com.ar\/diario\/wp-json\/wp\/v2\/types\/post"}],"author":[{"embeddable":true,"href":"https:\/\/armstrongyregion.com.ar\/diario\/wp-json\/wp\/v2\/users\/2"}],"replies":[{"embeddable":true,"href":"https:\/\/armstrongyregion.com.ar\/diario\/wp-json\/wp\/v2\/comments?post=7058"}],"version-history":[{"count":0,"href":"https:\/\/armstrongyregion.com.ar\/diario\/wp-json\/wp\/v2\/posts\/7058\/revisions"}],"wp:featuredmedia":[{"embeddable":true,"href":"https:\/\/armstrongyregion.com.ar\/diario\/wp-json\/wp\/v2\/media\/7059"}],"wp:attachment":[{"href":"https:\/\/armstrongyregion.com.ar\/diario\/wp-json\/wp\/v2\/media?parent=7058"}],"wp:term":[{"taxonomy":"category","embeddable":true,"href":"https:\/\/armstrongyregion.com.ar\/diario\/wp-json\/wp\/v2\/categories?post=7058"},{"taxonomy":"post_tag","embeddable":true,"href":"https:\/\/armstrongyregion.com.ar\/diario\/wp-json\/wp\/v2\/tags?post=7058"}],"curies":[{"name":"wp","href":"https:\/\/api.w.org\/{rel}","templated":true}]}}