{"id":7027,"date":"2016-04-07T16:30:11","date_gmt":"2016-04-07T16:30:11","guid":{"rendered":"https:\/\/armstrongyregion.com.ar\/diario\/?p=7027"},"modified":"2016-04-07T16:30:11","modified_gmt":"2016-04-07T16:30:11","slug":"gestiones-para-radicacion-de-planta-de-reciclado-de-polietileno-mas-grande-del-pais-en-canada","status":"publish","type":"post","link":"https:\/\/armstrongyregion.com.ar\/diario\/gestiones-para-radicacion-de-planta-de-reciclado-de-polietileno-mas-grande-del-pais-en-canada\/","title":{"rendered":"Gestiones para radicacion de planta de reciclado de polietileno mas grande del pa\u00eds en Ca\u00f1ada."},"content":{"rendered":"<p><a href=\"http:\/\/armstrongyregion.com.ar\/diario\/wp-content\/uploads\/2016\/04\/gestiones-ca\u00f1ada.jpg\"><img loading=\"lazy\" decoding=\"async\" class=\"alignnone size-full wp-image-7028\" src=\"http:\/\/armstrongyregion.com.ar\/diario\/wp-content\/uploads\/2016\/04\/gestiones-ca\u00f1ada.jpg\" alt=\"gestiones-ca\u00f1ada\" width=\"768\" height=\"512\" srcset=\"https:\/\/armstrongyregion.com.ar\/diario\/wp-content\/uploads\/2016\/04\/gestiones-ca\u00f1ada.jpg 768w, https:\/\/armstrongyregion.com.ar\/diario\/wp-content\/uploads\/2016\/04\/gestiones-ca\u00f1ada-300x200.jpg 300w\" sizes=\"auto, (max-width: 768px) 100vw, 768px\" \/><\/a>La Asociaci\u00f3n de Cooperativas Argentinas prev\u00e9 una inversi\u00f3n cercana a los cien millones de pesos. Cl\u00e9rici puntualiz\u00f3 que esto redundar\u00e1 en<br \/>\nnuevos puestos de trabajo para los ca\u00f1adenses.<\/p>\n<p>La intendenta Stella Cl\u00e9rici se reuni\u00f3 con directivos de la Asociaci\u00f3n de Cooperativas Argentinas para avanzar en el proyecto productivo de<br \/>\nradicaci\u00f3n de la firma en una ampliaci\u00f3n del Parque Industrial de nuestra ciudad.<br \/>\nEl objetivo es adquirir un predio lindero al Parque y a trav\u00e9s de este proyecto de desarrollo este espacio pasar\u00eda a formar parte del Parque<br \/>\nIndustrial, extendi\u00e9ndose la superficie. El proyecto trata de la planta de recuperaci\u00f3n de polietileno m\u00e1s grande y moderna del pa\u00eds, con una<br \/>\ninversi\u00f3n estimada de U$S 6 millones y que generar\u00e1 en una primera<br \/>\ninstancia 20 puestos de trabajos en forma directa.<br \/>\n\u201cEs muy importante este proyecto de ampliaci\u00f3n y radicaci\u00f3n en nuestro<br \/>\nprimer parque industrial, que a trav\u00e9s de una importante inversi\u00f3n<br \/>\nbasada en el cuidado del medio ambiente generar\u00e1 nuevos puestos de<br \/>\ntrabajo\u201d, manifest\u00f3 Cl\u00e9rici.<br \/>\nLa intendenta expres\u00f3 adem\u00e1s que el municipio acompa\u00f1ar\u00e1 en la<br \/>\npresentaci\u00f3n del proyecto productivo y en las gestiones ante la Empresa<br \/>\nProvincial de la Energ\u00eda y ministerios del gobierno provincial acerca de<br \/>\nla dotaci\u00f3n de infraestructura y factibilidades t\u00e9cnicas.<br \/>\n\u201cEsta planta prev\u00e9 un desarrollo sustentable y cuidado del medio<br \/>\nambiente, a trav\u00e9s de la reutilizaci\u00f3n del polietileno gener\u00e1ndolo en<br \/>\nnueva materia prima para otros productos\u201d, recalcaron desde ACA.<\/p>\n","protected":false},"excerpt":{"rendered":"<p>La Asociaci\u00f3n de Cooperativas Argentinas prev\u00e9 una inversi\u00f3n cercana a los cien millones de pesos. Cl\u00e9rici puntualiz\u00f3 que esto redundar\u00e1 en nuevos puestos de trabajo para los ca\u00f1adenses. La intendenta Stella Cl\u00e9rici se reuni\u00f3 con directivos de la Asociaci\u00f3n de Cooperativas Argentinas para avanzar en el proyecto productivo de radicaci\u00f3n de la firma en una <a href=\"https:\/\/armstrongyregion.com.ar\/diario\/gestiones-para-radicacion-de-planta-de-reciclado-de-polietileno-mas-grande-del-pais-en-canada\/\" title=\"Read more\" >&#8230;<\/a><\/p>\n","protected":false},"author":2,"featured_media":7028,"comment_status":"open","ping_status":"open","sticky":false,"template":"","format":"standard","meta":{"_jetpack_memberships_contains_paid_content":false,"footnotes":"","jetpack_publicize_message":"","jetpack_publicize_feature_enabled":true,"jetpack_social_post_already_shared":false,"jetpack_social_options":{"image_generator_settings":{"template":"highway","default_image_id":0,"enabled":false},"version":2}},"categories":[1,3],"tags":[163,19,53,15,1306,1063,40,2450,81,225,3693],"class_list":["post-7027","post","type-post","status-publish","format-standard","has-post-thumbnail","hentry","category-diario-armstrong","category-region","tag-canada","tag-de","tag-del","tag-en","tag-gestiones","tag-grande","tag-mas","tag-pais","tag-para","tag-planta","tag-radicacion"],"jetpack_publicize_connections":[],"jetpack_featured_media_url":"https:\/\/armstrongyregion.com.ar\/diario\/wp-content\/uploads\/2016\/04\/gestiones-ca\u00f1ada.jpg","jetpack_shortlink":"https:\/\/wp.me\/p62QDO-1Pl","jetpack_sharing_enabled":true,"amp_enabled":true,"_links":{"self":[{"href":"https:\/\/armstrongyregion.com.ar\/diario\/wp-json\/wp\/v2\/posts\/7027","targetHints":{"allow":["GET"]}}],"collection":[{"href":"https:\/\/armstrongyregion.com.ar\/diario\/wp-json\/wp\/v2\/posts"}],"about":[{"href":"https:\/\/armstrongyregion.com.ar\/diario\/wp-json\/wp\/v2\/types\/post"}],"author":[{"embeddable":true,"href":"https:\/\/armstrongyregion.com.ar\/diario\/wp-json\/wp\/v2\/users\/2"}],"replies":[{"embeddable":true,"href":"https:\/\/armstrongyregion.com.ar\/diario\/wp-json\/wp\/v2\/comments?post=7027"}],"version-history":[{"count":0,"href":"https:\/\/armstrongyregion.com.ar\/diario\/wp-json\/wp\/v2\/posts\/7027\/revisions"}],"wp:featuredmedia":[{"embeddable":true,"href":"https:\/\/armstrongyregion.com.ar\/diario\/wp-json\/wp\/v2\/media\/7028"}],"wp:attachment":[{"href":"https:\/\/armstrongyregion.com.ar\/diario\/wp-json\/wp\/v2\/media?parent=7027"}],"wp:term":[{"taxonomy":"category","embeddable":true,"href":"https:\/\/armstrongyregion.com.ar\/diario\/wp-json\/wp\/v2\/categories?post=7027"},{"taxonomy":"post_tag","embeddable":true,"href":"https:\/\/armstrongyregion.com.ar\/diario\/wp-json\/wp\/v2\/tags?post=7027"}],"curies":[{"name":"wp","href":"https:\/\/api.w.org\/{rel}","templated":true}]}}