{"id":7020,"date":"2016-04-07T15:56:05","date_gmt":"2016-04-07T15:56:05","guid":{"rendered":"https:\/\/armstrongyregion.com.ar\/diario\/?p=7020"},"modified":"2016-04-07T15:56:05","modified_gmt":"2016-04-07T15:56:05","slug":"se-comienzan-a-recepcionar-las-declaraciones-juradas-para-la-tarifa-social","status":"publish","type":"post","link":"https:\/\/armstrongyregion.com.ar\/diario\/se-comienzan-a-recepcionar-las-declaraciones-juradas-para-la-tarifa-social\/","title":{"rendered":"Se comienzan a recepcionar las declaraciones juradas para la Tarifa Social."},"content":{"rendered":"<p><a href=\"http:\/\/armstrongyregion.com.ar\/diario\/wp-content\/uploads\/2016\/04\/Cooperativa.jpg\"><img loading=\"lazy\" decoding=\"async\" class=\"alignnone size-full wp-image-7021\" src=\"http:\/\/armstrongyregion.com.ar\/diario\/wp-content\/uploads\/2016\/04\/Cooperativa.jpg\" alt=\"Cooperativa\" width=\"768\" height=\"431\" srcset=\"https:\/\/armstrongyregion.com.ar\/diario\/wp-content\/uploads\/2016\/04\/Cooperativa.jpg 768w, https:\/\/armstrongyregion.com.ar\/diario\/wp-content\/uploads\/2016\/04\/Cooperativa-300x168.jpg 300w\" sizes=\"auto, (max-width: 768px) 100vw, 768px\" \/><\/a>De acuerdo a lo manifestado en la ma\u00f1ana de hoy por el Presidente de la Cooperativa de Obras y Servicios p\u00fablicos Ariel Pagliero en conferencia de prensa, \u201cA partir de ma\u00f1ana viernes, tenemos todo preparado para que la gente encuadre dentro de la Tarifa Social se llegue a nuestras oficinas para llenar declaraci\u00f3n jurada para que los consumos de marzo, que vencen en mayo, puedan estar incluidos en la Resoluci\u00f3n N\u00b0 6 y 7\/ 2016, del Ministerio de Energ\u00eda y Miner\u00eda de la Naci\u00f3n\u201d.<\/p>\n<p>Tambi\u00e9n aclar\u00f3, \u201cNosotros de oficio vamos a confeccionar los padrones de nuestra ciudad, hay m\u00e1s de mil personas que se podr\u00edan encuadrar en este beneficio, por eso habilitamos un horario corrido para que la gente pueda confeccionar la declaraci\u00f3n jurada\u201d.<\/p>\n","protected":false},"excerpt":{"rendered":"<p>De acuerdo a lo manifestado en la ma\u00f1ana de hoy por el Presidente de la Cooperativa de Obras y Servicios p\u00fablicos Ariel Pagliero en conferencia de prensa, \u201cA partir de ma\u00f1ana viernes, tenemos todo preparado para que la gente encuadre dentro de la Tarifa Social se llegue a nuestras oficinas para llenar declaraci\u00f3n jurada para <a href=\"https:\/\/armstrongyregion.com.ar\/diario\/se-comienzan-a-recepcionar-las-declaraciones-juradas-para-la-tarifa-social\/\" title=\"Read more\" >&#8230;<\/a><\/p>\n","protected":false},"author":2,"featured_media":7021,"comment_status":"open","ping_status":"open","sticky":false,"template":"","format":"standard","meta":{"_jetpack_memberships_contains_paid_content":false,"footnotes":"","jetpack_publicize_message":"","jetpack_publicize_feature_enabled":true,"jetpack_social_post_already_shared":false,"jetpack_social_options":{"image_generator_settings":{"template":"highway","default_image_id":0,"enabled":false},"version":2}},"categories":[1,2],"tags":[33,840,3688,3689,31,81,3687,86,1111,3602],"class_list":["post-7020","post","type-post","status-publish","format-standard","has-post-thumbnail","hentry","category-diario-armstrong","category-locales","tag-a","tag-comienzan","tag-declaraciones","tag-juradas","tag-la","tag-para","tag-recepcionar","tag-se","tag-social","tag-tarifa"],"jetpack_publicize_connections":[],"jetpack_featured_media_url":"https:\/\/armstrongyregion.com.ar\/diario\/wp-content\/uploads\/2016\/04\/Cooperativa.jpg","jetpack_shortlink":"https:\/\/wp.me\/p62QDO-1Pe","jetpack_sharing_enabled":true,"amp_enabled":true,"_links":{"self":[{"href":"https:\/\/armstrongyregion.com.ar\/diario\/wp-json\/wp\/v2\/posts\/7020","targetHints":{"allow":["GET"]}}],"collection":[{"href":"https:\/\/armstrongyregion.com.ar\/diario\/wp-json\/wp\/v2\/posts"}],"about":[{"href":"https:\/\/armstrongyregion.com.ar\/diario\/wp-json\/wp\/v2\/types\/post"}],"author":[{"embeddable":true,"href":"https:\/\/armstrongyregion.com.ar\/diario\/wp-json\/wp\/v2\/users\/2"}],"replies":[{"embeddable":true,"href":"https:\/\/armstrongyregion.com.ar\/diario\/wp-json\/wp\/v2\/comments?post=7020"}],"version-history":[{"count":0,"href":"https:\/\/armstrongyregion.com.ar\/diario\/wp-json\/wp\/v2\/posts\/7020\/revisions"}],"wp:featuredmedia":[{"embeddable":true,"href":"https:\/\/armstrongyregion.com.ar\/diario\/wp-json\/wp\/v2\/media\/7021"}],"wp:attachment":[{"href":"https:\/\/armstrongyregion.com.ar\/diario\/wp-json\/wp\/v2\/media?parent=7020"}],"wp:term":[{"taxonomy":"category","embeddable":true,"href":"https:\/\/armstrongyregion.com.ar\/diario\/wp-json\/wp\/v2\/categories?post=7020"},{"taxonomy":"post_tag","embeddable":true,"href":"https:\/\/armstrongyregion.com.ar\/diario\/wp-json\/wp\/v2\/tags?post=7020"}],"curies":[{"name":"wp","href":"https:\/\/api.w.org\/{rel}","templated":true}]}}