{"id":7010,"date":"2016-04-07T01:17:06","date_gmt":"2016-04-07T01:17:06","guid":{"rendered":"https:\/\/armstrongyregion.com.ar\/diario\/?p=7010"},"modified":"2016-04-07T02:54:51","modified_gmt":"2016-04-07T02:54:51","slug":"los-concejales-opinaron-sobre-los-vecinos-autoconvocados","status":"publish","type":"post","link":"https:\/\/armstrongyregion.com.ar\/diario\/los-concejales-opinaron-sobre-los-vecinos-autoconvocados\/","title":{"rendered":"Los concejales opinaron sobre los vecinos autoconvocados."},"content":{"rendered":"<p><a href=\"http:\/\/armstrongyregion.com.ar\/diario\/wp-content\/uploads\/2016\/04\/Concejo-Deliberante-.jpg\"><img loading=\"lazy\" decoding=\"async\" class=\"alignnone size-full wp-image-7011\" src=\"http:\/\/armstrongyregion.com.ar\/diario\/wp-content\/uploads\/2016\/04\/Concejo-Deliberante-.jpg\" alt=\"Concejo-Deliberante-\" width=\"768\" height=\"506\" srcset=\"https:\/\/armstrongyregion.com.ar\/diario\/wp-content\/uploads\/2016\/04\/Concejo-Deliberante-.jpg 768w, https:\/\/armstrongyregion.com.ar\/diario\/wp-content\/uploads\/2016\/04\/Concejo-Deliberante--300x198.jpg 300w\" sizes=\"auto, (max-width: 768px) 100vw, 768px\" \/><\/a>En la sesi\u00f3n del martes los concejales opinaron sobre la manifestaci\u00f3n de los vecinos autoconvocados por el incremento en la factura de energ\u00eda el\u00e9ctrica \u00a0de la Cooperativa de Obras y Servicios P\u00fablicos en el momento en que estaban reunidos con el gerente Ing. Ricardo Airasca.<\/p>\n<p>El Pte del Concejo Adrian Marozzi expres\u00f3, \u00abEn esta reuni\u00f3n quedaron cosas muy claras, tanto para los concejales quienes pudimos consultar al gerente de la cooperativa, sobre los costos, porcentajes, etc, y en cuanto a los manifestantes quienes tambien fueron recibidos.\u00a0 El balance podr\u00eda decir que fue positivo, en cuanto al aumento que emiti\u00f3 la cooperativa el mismo sobrepasa a la esfera local y estamos de acuerdo con elevar a un estamento superior una petici\u00f3n de vecinos, concejales y la misma gerencia de la instituci\u00f3n\u201d.<\/p>\n<p>El concejal Leonardo Rostagno dijo, \u201cHoy fuimos por la ma\u00f1ana a la cooperativa, le acercamos a la gerencia los interrogantes de la gente. A mi entender la cooperativa esta exenta de este aumento ya que debido a la quita de subsidio que ha hecho el gobierno nacional el precio del Kw es exactamente igual al precio del Kw de Ca\u00f1ada y obviamente contando con un mejor servicio el de la cooperativa armstronense. \u00a0El gerente ha quedado en atenderlos uno por uno a los usuarios que tengan dudas\u201d.<\/p>\n<p>Por su parte Emiliano Gramigna expres\u00f3,\u00bbYo creo que las manifestaciones son la mejor forma de ejercer la democracia como dirigentes tenemos que apoyar los reclamos de la gente que para esto nos han elegido. Este aumento nos esta rompiendo el bolsillo a todos, conjuntamente con el aumento del gas, del transporte, de la nafta, vemos que la inflaci\u00f3n cada d\u00eda nos esta destruyendo los salarios\u201d.<\/p>\n<p>Esta ma\u00f1ana-refiri\u00e9ndose a el martes 4 de abril- \u00a0nos juntamos con los miembros de la cooperativa a quienes les trasladamos las inquietudes de los vecinos, luego ingresaron\u00a0 dialogar ellos tambi\u00e9n, inclusive el gerente se comprometi\u00f3 a analizar cada caso en particular en cada factura donde haya dudas. Sinceramente yo quede conforme con la respuesta y buena predisposici\u00f3n de los miembros de la cooperativa como sabemos este es un aumento de la provincia y de la naci\u00f3n\u201d<\/p>\n<p>El concejal Augusto Fischer, sobre el mismo tema expres\u00f3, \u201cYo creo que las manifestaciones son \u00a0una de las consignas de la democracia, yo siempre voy a respetarlas y porque no apoyarlas, si no estoy de acuerdo en este caso con que al aumento se lo destine pura y exclusivamente a la cooperativa. Yo trabaje en campa\u00f1a y a esto ya lo dije\u2026ahora\u2026 hay quita de subsidios en la energ\u00eda el\u00e9ctrica, gas, agua, etc. y lamentablemente quienes los sufren somos nosotros los ciudadanos\u201d.<\/p>\n<p>&nbsp;<\/p>\n","protected":false},"excerpt":{"rendered":"<p>En la sesi\u00f3n del martes los concejales opinaron sobre la manifestaci\u00f3n de los vecinos autoconvocados por el incremento en la factura de energ\u00eda el\u00e9ctrica \u00a0de la Cooperativa de Obras y Servicios P\u00fablicos en el momento en que estaban reunidos con el gerente Ing. Ricardo Airasca. El Pte del Concejo Adrian Marozzi expres\u00f3, \u00abEn esta reuni\u00f3n <a href=\"https:\/\/armstrongyregion.com.ar\/diario\/los-concejales-opinaron-sobre-los-vecinos-autoconvocados\/\" title=\"Read more\" >&#8230;<\/a><\/p>\n","protected":false},"author":2,"featured_media":7011,"comment_status":"open","ping_status":"open","sticky":false,"template":"","format":"standard","meta":{"_jetpack_memberships_contains_paid_content":false,"footnotes":"","jetpack_publicize_message":"","jetpack_publicize_feature_enabled":true,"jetpack_social_post_already_shared":false,"jetpack_social_options":{"image_generator_settings":{"template":"highway","default_image_id":0,"enabled":false},"version":2}},"categories":[1,2,7],"tags":[381,845,42,3685,118,344],"class_list":["post-7010","post","type-post","status-publish","format-standard","has-post-thumbnail","hentry","category-diario-armstrong","category-locales","category-politica","tag-autoconvocados","tag-concejales","tag-los","tag-opinaron","tag-sobre","tag-vecinos"],"jetpack_publicize_connections":[],"jetpack_featured_media_url":"https:\/\/armstrongyregion.com.ar\/diario\/wp-content\/uploads\/2016\/04\/Concejo-Deliberante-.jpg","jetpack_shortlink":"https:\/\/wp.me\/p62QDO-1P4","jetpack_sharing_enabled":true,"amp_enabled":true,"_links":{"self":[{"href":"https:\/\/armstrongyregion.com.ar\/diario\/wp-json\/wp\/v2\/posts\/7010","targetHints":{"allow":["GET"]}}],"collection":[{"href":"https:\/\/armstrongyregion.com.ar\/diario\/wp-json\/wp\/v2\/posts"}],"about":[{"href":"https:\/\/armstrongyregion.com.ar\/diario\/wp-json\/wp\/v2\/types\/post"}],"author":[{"embeddable":true,"href":"https:\/\/armstrongyregion.com.ar\/diario\/wp-json\/wp\/v2\/users\/2"}],"replies":[{"embeddable":true,"href":"https:\/\/armstrongyregion.com.ar\/diario\/wp-json\/wp\/v2\/comments?post=7010"}],"version-history":[{"count":0,"href":"https:\/\/armstrongyregion.com.ar\/diario\/wp-json\/wp\/v2\/posts\/7010\/revisions"}],"wp:featuredmedia":[{"embeddable":true,"href":"https:\/\/armstrongyregion.com.ar\/diario\/wp-json\/wp\/v2\/media\/7011"}],"wp:attachment":[{"href":"https:\/\/armstrongyregion.com.ar\/diario\/wp-json\/wp\/v2\/media?parent=7010"}],"wp:term":[{"taxonomy":"category","embeddable":true,"href":"https:\/\/armstrongyregion.com.ar\/diario\/wp-json\/wp\/v2\/categories?post=7010"},{"taxonomy":"post_tag","embeddable":true,"href":"https:\/\/armstrongyregion.com.ar\/diario\/wp-json\/wp\/v2\/tags?post=7010"}],"curies":[{"name":"wp","href":"https:\/\/api.w.org\/{rel}","templated":true}]}}