{"id":7007,"date":"2016-04-07T00:27:16","date_gmt":"2016-04-07T00:27:16","guid":{"rendered":"https:\/\/armstrongyregion.com.ar\/diario\/?p=7007"},"modified":"2016-04-07T00:27:16","modified_gmt":"2016-04-07T00:27:16","slug":"vamos-a-participar-de-la-asamblea-en-el-mes-de-mayo","status":"publish","type":"post","link":"https:\/\/armstrongyregion.com.ar\/diario\/vamos-a-participar-de-la-asamblea-en-el-mes-de-mayo\/","title":{"rendered":"\u201cVamos a participar de la Asamblea en el mes de mayo\u201d."},"content":{"rendered":"<p><a href=\"http:\/\/armstrongyregion.com.ar\/diario\/wp-content\/uploads\/2016\/04\/Ceci-Nobile-.jpg\"><img loading=\"lazy\" decoding=\"async\" class=\"alignnone size-full wp-image-7008\" src=\"http:\/\/armstrongyregion.com.ar\/diario\/wp-content\/uploads\/2016\/04\/Ceci-Nobile-.jpg\" alt=\"Ceci-Nobile-\" width=\"3060\" height=\"2132\" srcset=\"https:\/\/armstrongyregion.com.ar\/diario\/wp-content\/uploads\/2016\/04\/Ceci-Nobile-.jpg 3060w, https:\/\/armstrongyregion.com.ar\/diario\/wp-content\/uploads\/2016\/04\/Ceci-Nobile--300x209.jpg 300w, https:\/\/armstrongyregion.com.ar\/diario\/wp-content\/uploads\/2016\/04\/Ceci-Nobile--1024x713.jpg 1024w\" sizes=\"auto, (max-width: 3060px) 100vw, 3060px\" \/><\/a>Cecilia N\u00f3bile y Rosana Ferreira, integrantes del Grupo de Vecinos Autoconvocados, por el aumento de tarifas de energ\u00eda el\u00e9ctrica emitida por \u00a0la Cooperativa de Obras y Servicios P\u00fablicos manifestaron esto al ser consultadas por su opini\u00f3n, con respecto a su \u00faltimo encuentro con el Gerente Ing. Ricardo Airasca, \u201cfue muy positivo, ya que se pudo dialogar, escucharnos, no fue un monologo , se nos inform\u00f3 que en el mes de mayo, va a haber una asamblea ordinaria de la Cooperativa donde nos invitaron a participar como asociados, cualquier inquietud o consulta deber\u00e1 ser remitido en forma escrita, para que ingrese en el orden del d\u00eda\u201d.<\/p>\n<p>Siguiendo la misma l\u00ednea de discurso Nobile expres\u00f3, \u201cTambi\u00e9n sugerimos \u00a0que desde \u00a0la instituci\u00f3n se \u00a0haga efectivo el reclamo contra el tarifazo a nivel provincial y nacional como lo realizaron otras cooperativas de la provincia\u201d.<\/p>\n<p>Finalizaron la nota expresando que seguir\u00e1n moviliz\u00e1ndose e involucr\u00e1ndose \u00a0para ser \u00a0escuchados ante el incremento desmedido de la energ\u00eda el\u00e9ctrica.<\/p>\n","protected":false},"excerpt":{"rendered":"<p>Cecilia N\u00f3bile y Rosana Ferreira, integrantes del Grupo de Vecinos Autoconvocados, por el aumento de tarifas de energ\u00eda el\u00e9ctrica emitida por \u00a0la Cooperativa de Obras y Servicios P\u00fablicos manifestaron esto al ser consultadas por su opini\u00f3n, con respecto a su \u00faltimo encuentro con el Gerente Ing. Ricardo Airasca, \u201cfue muy positivo, ya que se pudo <a href=\"https:\/\/armstrongyregion.com.ar\/diario\/vamos-a-participar-de-la-asamblea-en-el-mes-de-mayo\/\" title=\"Read more\" >&#8230;<\/a><\/p>\n","protected":false},"author":2,"featured_media":7008,"comment_status":"open","ping_status":"open","sticky":false,"template":"","format":"standard","meta":{"_jetpack_memberships_contains_paid_content":false,"footnotes":"","jetpack_publicize_message":"","jetpack_publicize_feature_enabled":true,"jetpack_social_post_already_shared":false,"jetpack_social_options":{"image_generator_settings":{"template":"highway","default_image_id":0,"enabled":false},"version":2}},"categories":[1,2],"tags":[33,1346,19,16,15,31,1449,1129,3684,3683],"class_list":["post-7007","post","type-post","status-publish","format-standard","has-post-thumbnail","hentry","category-diario-armstrong","category-locales","tag-a","tag-asamblea","tag-de","tag-el","tag-en","tag-la","tag-mayo","tag-mes","tag-participar","tag-vamos"],"jetpack_publicize_connections":[],"jetpack_featured_media_url":"https:\/\/armstrongyregion.com.ar\/diario\/wp-content\/uploads\/2016\/04\/Ceci-Nobile-.jpg","jetpack_shortlink":"https:\/\/wp.me\/p62QDO-1P1","jetpack_sharing_enabled":true,"amp_enabled":true,"_links":{"self":[{"href":"https:\/\/armstrongyregion.com.ar\/diario\/wp-json\/wp\/v2\/posts\/7007","targetHints":{"allow":["GET"]}}],"collection":[{"href":"https:\/\/armstrongyregion.com.ar\/diario\/wp-json\/wp\/v2\/posts"}],"about":[{"href":"https:\/\/armstrongyregion.com.ar\/diario\/wp-json\/wp\/v2\/types\/post"}],"author":[{"embeddable":true,"href":"https:\/\/armstrongyregion.com.ar\/diario\/wp-json\/wp\/v2\/users\/2"}],"replies":[{"embeddable":true,"href":"https:\/\/armstrongyregion.com.ar\/diario\/wp-json\/wp\/v2\/comments?post=7007"}],"version-history":[{"count":0,"href":"https:\/\/armstrongyregion.com.ar\/diario\/wp-json\/wp\/v2\/posts\/7007\/revisions"}],"wp:featuredmedia":[{"embeddable":true,"href":"https:\/\/armstrongyregion.com.ar\/diario\/wp-json\/wp\/v2\/media\/7008"}],"wp:attachment":[{"href":"https:\/\/armstrongyregion.com.ar\/diario\/wp-json\/wp\/v2\/media?parent=7007"}],"wp:term":[{"taxonomy":"category","embeddable":true,"href":"https:\/\/armstrongyregion.com.ar\/diario\/wp-json\/wp\/v2\/categories?post=7007"},{"taxonomy":"post_tag","embeddable":true,"href":"https:\/\/armstrongyregion.com.ar\/diario\/wp-json\/wp\/v2\/tags?post=7007"}],"curies":[{"name":"wp","href":"https:\/\/api.w.org\/{rel}","templated":true}]}}