{"id":6992,"date":"2016-04-06T13:54:32","date_gmt":"2016-04-06T13:54:32","guid":{"rendered":"https:\/\/armstrongyregion.com.ar\/diario\/?p=6992"},"modified":"2016-04-06T13:54:32","modified_gmt":"2016-04-06T13:54:32","slug":"rasetto-se-reunio-con-la-ministra-de-educacion","status":"publish","type":"post","link":"https:\/\/armstrongyregion.com.ar\/diario\/rasetto-se-reunio-con-la-ministra-de-educacion\/","title":{"rendered":"Rasetto se reuni\u00f3 con la ministra de Educaci\u00f3n"},"content":{"rendered":"<p><a href=\"http:\/\/armstrongyregion.com.ar\/diario\/wp-content\/uploads\/2016\/04\/Rasetto-Balague-.jpg\"><img loading=\"lazy\" decoding=\"async\" class=\"alignnone size-full wp-image-6993\" src=\"http:\/\/armstrongyregion.com.ar\/diario\/wp-content\/uploads\/2016\/04\/Rasetto-Balague-.jpg\" alt=\"Rasetto-Balague-\" width=\"768\" height=\"576\" srcset=\"https:\/\/armstrongyregion.com.ar\/diario\/wp-content\/uploads\/2016\/04\/Rasetto-Balague-.jpg 768w, https:\/\/armstrongyregion.com.ar\/diario\/wp-content\/uploads\/2016\/04\/Rasetto-Balague--300x225.jpg 300w\" sizes=\"auto, (max-width: 768px) 100vw, 768px\" \/><\/a>El senador provincial y M\u00f3nica Balagu\u00e9 mantuvieron un encuentro donde abordaron una agenda de trabajo de 31 puntos, que incluye gestiones de diversas caracter\u00edsticas para lograr mejoras en distintos establecimientos educativos del departamento Iriondo.<\/p>\n<p>&nbsp;<\/p>\n<p>Luego de la reuni\u00f3n, Rasetto detall\u00f3 que los puntos tratados abarcan \u201cdesde obras de magnitud, y por ende de mayor dificultad, hasta cuestiones menos complejas, pero que hacen a mejorar el \u00e1mbito donde los ni\u00f1os y ni\u00f1as se educan, y por ende, elevan la calidad educativa en general\u201d.<\/p>\n<p>&nbsp;<\/p>\n<p>En este sentido, las obras m\u00e1s importantes ser\u00edan la construcci\u00f3n de la nueva Escuela Secundaria 211 y el nuevo Taller de Educaci\u00f3n Manual 3117, as\u00ed como de los edificios del Jard\u00edn Nucleado 295 y la Escuela de Estimulaci\u00f3n Temprana 2132, todas en Ca\u00f1ada de G\u00f3mez. Tambi\u00e9n se habl\u00f3 de la construcci\u00f3n de la Escuela Secundaria 386 de Pueblo Andino.<\/p>\n<p>&nbsp;<\/p>\n<p>El senador provincial agreg\u00f3 que en otras localidades como Totoras, Oliveros y Serodino, los objetivos m\u00e1s importantes pasan por la ampliaci\u00f3n de las escuelas existentes, en tanto que en Salto Grande, por ejemplo, se busca la creaci\u00f3n del Jard\u00edn Nucleado.<\/p>\n<p>&nbsp;<\/p>\n<p>\u201cEn otros casos, las gestiones pasan por dotar a las entidades educativas de elementos como bancos y sillas, o de mejorar las condiciones y aumentar el personal a trav\u00e9s de la creaci\u00f3n de cargos, por lo cual la agenda de trabajo es muy amplia, y esperamos que paulatinamente vayamos avanzando en cada uno de los puntos, porque entendemos que la educaci\u00f3n es uno de los ejes centrales de nuestra gesti\u00f3n\u201d, culmin\u00f3 Rasetto.<\/p>\n<p>&nbsp;<\/p>\n","protected":false},"excerpt":{"rendered":"<p>El senador provincial y M\u00f3nica Balagu\u00e9 mantuvieron un encuentro donde abordaron una agenda de trabajo de 31 puntos, que incluye gestiones de diversas caracter\u00edsticas para lograr mejoras en distintos establecimientos educativos del departamento Iriondo. &nbsp; Luego de la reuni\u00f3n, Rasetto detall\u00f3 que los puntos tratados abarcan \u201cdesde obras de magnitud, y por ende de mayor <a href=\"https:\/\/armstrongyregion.com.ar\/diario\/rasetto-se-reunio-con-la-ministra-de-educacion\/\" title=\"Read more\" >&#8230;<\/a><\/p>\n","protected":false},"author":2,"featured_media":6993,"comment_status":"open","ping_status":"open","sticky":false,"template":"","format":"standard","meta":{"_jetpack_memberships_contains_paid_content":false,"footnotes":"","jetpack_publicize_message":"","jetpack_publicize_feature_enabled":true,"jetpack_social_post_already_shared":false,"jetpack_social_options":{"image_generator_settings":{"template":"highway","default_image_id":0,"enabled":false},"version":2}},"categories":[1,2,3],"tags":[3537,100,31,3478,977],"class_list":["post-6992","post","type-post","status-publish","format-standard","has-post-thumbnail","hentry","category-diario-armstrong","category-locales","category-region","tag-balague","tag-con","tag-la","tag-ministra","tag-rasetto"],"jetpack_publicize_connections":[],"jetpack_featured_media_url":"https:\/\/armstrongyregion.com.ar\/diario\/wp-content\/uploads\/2016\/04\/Rasetto-Balague-.jpg","jetpack_shortlink":"https:\/\/wp.me\/p62QDO-1OM","jetpack_sharing_enabled":true,"amp_enabled":true,"_links":{"self":[{"href":"https:\/\/armstrongyregion.com.ar\/diario\/wp-json\/wp\/v2\/posts\/6992","targetHints":{"allow":["GET"]}}],"collection":[{"href":"https:\/\/armstrongyregion.com.ar\/diario\/wp-json\/wp\/v2\/posts"}],"about":[{"href":"https:\/\/armstrongyregion.com.ar\/diario\/wp-json\/wp\/v2\/types\/post"}],"author":[{"embeddable":true,"href":"https:\/\/armstrongyregion.com.ar\/diario\/wp-json\/wp\/v2\/users\/2"}],"replies":[{"embeddable":true,"href":"https:\/\/armstrongyregion.com.ar\/diario\/wp-json\/wp\/v2\/comments?post=6992"}],"version-history":[{"count":0,"href":"https:\/\/armstrongyregion.com.ar\/diario\/wp-json\/wp\/v2\/posts\/6992\/revisions"}],"wp:featuredmedia":[{"embeddable":true,"href":"https:\/\/armstrongyregion.com.ar\/diario\/wp-json\/wp\/v2\/media\/6993"}],"wp:attachment":[{"href":"https:\/\/armstrongyregion.com.ar\/diario\/wp-json\/wp\/v2\/media?parent=6992"}],"wp:term":[{"taxonomy":"category","embeddable":true,"href":"https:\/\/armstrongyregion.com.ar\/diario\/wp-json\/wp\/v2\/categories?post=6992"},{"taxonomy":"post_tag","embeddable":true,"href":"https:\/\/armstrongyregion.com.ar\/diario\/wp-json\/wp\/v2\/tags?post=6992"}],"curies":[{"name":"wp","href":"https:\/\/api.w.org\/{rel}","templated":true}]}}