{"id":6988,"date":"2016-04-06T13:48:30","date_gmt":"2016-04-06T13:48:30","guid":{"rendered":"https:\/\/armstrongyregion.com.ar\/diario\/?p=6988"},"modified":"2016-04-06T13:48:30","modified_gmt":"2016-04-06T13:48:30","slug":"las-rosas-javier-meyer-exploto-una-bomba-mientras-le-hacian-una-entrevista","status":"publish","type":"post","link":"https:\/\/armstrongyregion.com.ar\/diario\/las-rosas-javier-meyer-exploto-una-bomba-mientras-le-hacian-una-entrevista\/","title":{"rendered":"Las Rosas. Javier Meyer. Explot\u00f3 una bomba mientras le hac\u00edan una entrevista."},"content":{"rendered":"<p><a href=\"http:\/\/armstrongyregion.com.ar\/diario\/wp-content\/uploads\/2016\/04\/Javier-Meyer.jpg\"><img loading=\"lazy\" decoding=\"async\" class=\"alignnone size-full wp-image-6989\" src=\"http:\/\/armstrongyregion.com.ar\/diario\/wp-content\/uploads\/2016\/04\/Javier-Meyer.jpg\" alt=\"Javier-Meyer\" width=\"768\" height=\"508\" srcset=\"https:\/\/armstrongyregion.com.ar\/diario\/wp-content\/uploads\/2016\/04\/Javier-Meyer.jpg 768w, https:\/\/armstrongyregion.com.ar\/diario\/wp-content\/uploads\/2016\/04\/Javier-Meyer-300x198.jpg 300w\" sizes=\"auto, (max-width: 768px) 100vw, 768px\" \/><\/a>En la ma\u00f1ana del martes mientras los periodistas de canal 4 de Las Rosas le hac\u00edan una entrevista al intendente local. Explot\u00f3 una bomba dentro del edificio municipal.<\/p>\n<p>ENTREVISTA A MEYER.<\/p>\n<p><iframe loading=\"lazy\" width=\"800\" height=\"600\" src=\"https:\/\/www.youtube.com\/embed\/7qnJA2JbRa4?feature=oembed\" frameborder=\"0\" allowfullscreen><\/iframe><\/p>\n","protected":false},"excerpt":{"rendered":"<p>En la ma\u00f1ana del martes mientras los periodistas de canal 4 de Las Rosas le hac\u00edan una entrevista al intendente local. Explot\u00f3 una bomba dentro del edificio municipal. ENTREVISTA A MEYER.<\/p>\n","protected":false},"author":2,"featured_media":6989,"comment_status":"open","ping_status":"open","sticky":false,"template":"","format":"standard","meta":{"_jetpack_memberships_contains_paid_content":false,"footnotes":"","jetpack_publicize_message":"","jetpack_publicize_feature_enabled":true,"jetpack_social_post_already_shared":false,"jetpack_social_options":{"image_generator_settings":{"template":"highway","default_image_id":0,"enabled":false},"version":2}},"categories":[1,2852,3],"tags":[3679,3681,3678,3680,1565,631,1934,2694,103],"class_list":["post-6988","post","type-post","status-publish","format-standard","has-post-thumbnail","hentry","category-diario-armstrong","category-policiales","category-region","tag-bomba","tag-entrevista","tag-exploto","tag-hacian","tag-javier","tag-le","tag-meyer","tag-mientras","tag-una"],"jetpack_publicize_connections":[],"jetpack_featured_media_url":"https:\/\/armstrongyregion.com.ar\/diario\/wp-content\/uploads\/2016\/04\/Javier-Meyer.jpg","jetpack_shortlink":"https:\/\/wp.me\/p62QDO-1OI","jetpack_sharing_enabled":true,"amp_enabled":true,"_links":{"self":[{"href":"https:\/\/armstrongyregion.com.ar\/diario\/wp-json\/wp\/v2\/posts\/6988","targetHints":{"allow":["GET"]}}],"collection":[{"href":"https:\/\/armstrongyregion.com.ar\/diario\/wp-json\/wp\/v2\/posts"}],"about":[{"href":"https:\/\/armstrongyregion.com.ar\/diario\/wp-json\/wp\/v2\/types\/post"}],"author":[{"embeddable":true,"href":"https:\/\/armstrongyregion.com.ar\/diario\/wp-json\/wp\/v2\/users\/2"}],"replies":[{"embeddable":true,"href":"https:\/\/armstrongyregion.com.ar\/diario\/wp-json\/wp\/v2\/comments?post=6988"}],"version-history":[{"count":0,"href":"https:\/\/armstrongyregion.com.ar\/diario\/wp-json\/wp\/v2\/posts\/6988\/revisions"}],"wp:featuredmedia":[{"embeddable":true,"href":"https:\/\/armstrongyregion.com.ar\/diario\/wp-json\/wp\/v2\/media\/6989"}],"wp:attachment":[{"href":"https:\/\/armstrongyregion.com.ar\/diario\/wp-json\/wp\/v2\/media?parent=6988"}],"wp:term":[{"taxonomy":"category","embeddable":true,"href":"https:\/\/armstrongyregion.com.ar\/diario\/wp-json\/wp\/v2\/categories?post=6988"},{"taxonomy":"post_tag","embeddable":true,"href":"https:\/\/armstrongyregion.com.ar\/diario\/wp-json\/wp\/v2\/tags?post=6988"}],"curies":[{"name":"wp","href":"https:\/\/api.w.org\/{rel}","templated":true}]}}