{"id":6971,"date":"2016-04-05T02:25:59","date_gmt":"2016-04-05T02:25:59","guid":{"rendered":"https:\/\/armstrongyregion.com.ar\/diario\/?p=6971"},"modified":"2016-04-05T02:25:59","modified_gmt":"2016-04-05T02:25:59","slug":"vecinos-autoconvocados-por-incremento-de-energia-electrica-en-el-concejo","status":"publish","type":"post","link":"https:\/\/armstrongyregion.com.ar\/diario\/vecinos-autoconvocados-por-incremento-de-energia-electrica-en-el-concejo\/","title":{"rendered":"Vecinos autoconvocados por incremento de energ\u00eda el\u00e9ctrica en el concejo."},"content":{"rendered":"<p><a href=\"http:\/\/armstrongyregion.com.ar\/diario\/wp-content\/uploads\/2016\/04\/Vecinos-autoconvocados-.jpg\"><img loading=\"lazy\" decoding=\"async\" class=\"alignnone size-full wp-image-6972\" src=\"http:\/\/armstrongyregion.com.ar\/diario\/wp-content\/uploads\/2016\/04\/Vecinos-autoconvocados-.jpg\" alt=\"Vecinos-autoconvocados-\" width=\"960\" height=\"540\" srcset=\"https:\/\/armstrongyregion.com.ar\/diario\/wp-content\/uploads\/2016\/04\/Vecinos-autoconvocados-.jpg 960w, https:\/\/armstrongyregion.com.ar\/diario\/wp-content\/uploads\/2016\/04\/Vecinos-autoconvocados--300x169.jpg 300w\" sizes=\"auto, (max-width: 960px) 100vw, 960px\" \/><\/a>En la noche de hoy, vecinos autoconvocados se llegaron hasta el concejo para hablar con el gerente de la cooperativa\u00a0 el\u00e9ctrica,\u00a0 quien mediante nota hab\u00eda avisado que no iba a asistir por no encontrarse en la ciudad.<\/p>\n<p>Los vecinos dialogaron con los 6 concejales y le manifestaron su malestar ante el aumento de la energ\u00eda el\u00e9ctrica,\u00a0 y argumentan que en otras ciudades\u00a0 la tarifa es inferior a la de nuestra ciudad.<\/p>\n<p>Los puntos que los ciudadanos plantearon a los concejales fueron detalle del gasto de luz por kw en las facturas, al igual que el porcentaje de cada impuesto y\/o fondos para infraestructura que se cobra. As\u00ed como bajar los porcentajes de esos fondos que quedan para la cooperativa. (20 y 31).<\/p>\n<p>Tambi\u00e9n opinaron sobre los controles de medidores ya que \u00a0los vecinos consideran \u00a0que se facturaron m\u00e1s kw de los reales debido a que mucha gente estaba de vacaciones en ese periodo \u00a0y sin embargo se les facturo m\u00e1s kw que el mes anterior.<\/p>\n<p>Y finalmente pretenden que la cooperativa haga efectivo el reclamo contra el tarifazo a nivel provincial y nacional como lo realizaron otras cooperativas de la provincia. Expresando que seguir\u00e1n moviliz\u00e1ndose hasta ser escuchados.<\/p>\n<p>L os concejales tomaron nota de los reclamos de los vecinos quienes se comprometieron a presentarlos en la reuni\u00f3n que tendr\u00e1n ma\u00f1ana martes 5 de abril con el gerente de la Cooperativa Ing. Ricardo Airasca.<\/p>\n","protected":false},"excerpt":{"rendered":"<p>En la noche de hoy, vecinos autoconvocados se llegaron hasta el concejo para hablar con el gerente de la cooperativa\u00a0 el\u00e9ctrica,\u00a0 quien mediante nota hab\u00eda avisado que no iba a asistir por no encontrarse en la ciudad. Los vecinos dialogaron con los 6 concejales y le manifestaron su malestar ante el aumento de la energ\u00eda <a href=\"https:\/\/armstrongyregion.com.ar\/diario\/vecinos-autoconvocados-por-incremento-de-energia-electrica-en-el-concejo\/\" title=\"Read more\" >&#8230;<\/a><\/p>\n","protected":false},"author":2,"featured_media":6972,"comment_status":"open","ping_status":"open","sticky":false,"template":"","format":"standard","meta":{"_jetpack_memberships_contains_paid_content":false,"footnotes":"","jetpack_publicize_message":"","jetpack_publicize_feature_enabled":true,"jetpack_social_post_already_shared":false,"jetpack_social_options":{"image_generator_settings":{"template":"highway","default_image_id":0,"enabled":false},"version":2}},"categories":[1,2,7,3],"tags":[381,868,19,16,3664,15,1800,3531,60,344],"class_list":["post-6971","post","type-post","status-publish","format-standard","has-post-thumbnail","hentry","category-diario-armstrong","category-locales","category-politica","category-region","tag-autoconvocados","tag-concejo","tag-de","tag-el","tag-electrica","tag-en","tag-energia","tag-incremento","tag-por","tag-vecinos"],"jetpack_publicize_connections":[],"jetpack_featured_media_url":"https:\/\/armstrongyregion.com.ar\/diario\/wp-content\/uploads\/2016\/04\/Vecinos-autoconvocados-.jpg","jetpack_shortlink":"https:\/\/wp.me\/p62QDO-1Or","jetpack_sharing_enabled":true,"amp_enabled":true,"_links":{"self":[{"href":"https:\/\/armstrongyregion.com.ar\/diario\/wp-json\/wp\/v2\/posts\/6971","targetHints":{"allow":["GET"]}}],"collection":[{"href":"https:\/\/armstrongyregion.com.ar\/diario\/wp-json\/wp\/v2\/posts"}],"about":[{"href":"https:\/\/armstrongyregion.com.ar\/diario\/wp-json\/wp\/v2\/types\/post"}],"author":[{"embeddable":true,"href":"https:\/\/armstrongyregion.com.ar\/diario\/wp-json\/wp\/v2\/users\/2"}],"replies":[{"embeddable":true,"href":"https:\/\/armstrongyregion.com.ar\/diario\/wp-json\/wp\/v2\/comments?post=6971"}],"version-history":[{"count":0,"href":"https:\/\/armstrongyregion.com.ar\/diario\/wp-json\/wp\/v2\/posts\/6971\/revisions"}],"wp:featuredmedia":[{"embeddable":true,"href":"https:\/\/armstrongyregion.com.ar\/diario\/wp-json\/wp\/v2\/media\/6972"}],"wp:attachment":[{"href":"https:\/\/armstrongyregion.com.ar\/diario\/wp-json\/wp\/v2\/media?parent=6971"}],"wp:term":[{"taxonomy":"category","embeddable":true,"href":"https:\/\/armstrongyregion.com.ar\/diario\/wp-json\/wp\/v2\/categories?post=6971"},{"taxonomy":"post_tag","embeddable":true,"href":"https:\/\/armstrongyregion.com.ar\/diario\/wp-json\/wp\/v2\/tags?post=6971"}],"curies":[{"name":"wp","href":"https:\/\/api.w.org\/{rel}","templated":true}]}}