{"id":6968,"date":"2016-04-05T01:29:23","date_gmt":"2016-04-05T01:29:23","guid":{"rendered":"https:\/\/armstrongyregion.com.ar\/diario\/?p=6968"},"modified":"2016-04-05T01:29:23","modified_gmt":"2016-04-05T01:29:23","slug":"las-rosas-conflicto-municipal-sin-solucion-a-la-vista","status":"publish","type":"post","link":"https:\/\/armstrongyregion.com.ar\/diario\/las-rosas-conflicto-municipal-sin-solucion-a-la-vista\/","title":{"rendered":"Las Rosas. Conflicto Municipal. Sin Soluci\u00f3n a la Vista."},"content":{"rendered":"<p><a href=\"http:\/\/armstrongyregion.com.ar\/diario\/wp-content\/uploads\/2016\/04\/las-Rosas.jpg\"><img loading=\"lazy\" decoding=\"async\" class=\"alignnone size-full wp-image-6969\" src=\"http:\/\/armstrongyregion.com.ar\/diario\/wp-content\/uploads\/2016\/04\/las-Rosas.jpg\" alt=\"las-Rosas\" width=\"960\" height=\"640\" srcset=\"https:\/\/armstrongyregion.com.ar\/diario\/wp-content\/uploads\/2016\/04\/las-Rosas.jpg 960w, https:\/\/armstrongyregion.com.ar\/diario\/wp-content\/uploads\/2016\/04\/las-Rosas-300x200.jpg 300w\" sizes=\"auto, (max-width: 960px) 100vw, 960px\" \/><\/a>Muy resumidamente puede informarse que en la ma\u00f1ana de hoy, en un Juzgado en lo Laboral de Santa Fe, se continu\u00f3 una audiencia comenzada el viernes pasado. Los participantes de la misma fueron el Intendente Javier Meyer y sus asesores legales, los funcionarios de distintos ministerios actuantes en otras oportunidades y representantes gremiales de Festram.<br \/>\nAl decir de las partes la diferencia est\u00e1 centrada en el pago de los d\u00edas no trabajados, que seg\u00fan el gremio deber\u00edan ser abonados y en cambio el Ejecutivo municipal propone sean recuperados mediante la realizaci\u00f3n de horas extras.<br \/>\nEl Intendente Meyer afirma que su posici\u00f3n no se modifica y est\u00e1 avalada por las leyes; mientras que FESTraM estar\u00eda convocando esta semana a un paro en toda la provincia de Santa Fe en apoyo al reclamo de los municipales rosenses.<br \/>\nFuente: Las Rosas Digital.<br \/>\n(se ampliar\u00e1 en la ma\u00f1ana del martes con las seguras declaraciones de los directos protagonistas)<\/p>\n","protected":false},"excerpt":{"rendered":"<p>Muy resumidamente puede informarse que en la ma\u00f1ana de hoy, en un Juzgado en lo Laboral de Santa Fe, se continu\u00f3 una audiencia comenzada el viernes pasado. Los participantes de la misma fueron el Intendente Javier Meyer y sus asesores legales, los funcionarios de distintos ministerios actuantes en otras oportunidades y representantes gremiales de Festram. <a href=\"https:\/\/armstrongyregion.com.ar\/diario\/las-rosas-conflicto-municipal-sin-solucion-a-la-vista\/\" title=\"Read more\" >&#8230;<\/a><\/p>\n","protected":false},"author":2,"featured_media":6969,"comment_status":"open","ping_status":"open","sticky":false,"template":"","format":"standard","meta":{"_jetpack_memberships_contains_paid_content":false,"footnotes":"","jetpack_publicize_message":"","jetpack_publicize_feature_enabled":true,"jetpack_social_post_already_shared":false,"jetpack_social_options":{"image_generator_settings":{"template":"highway","default_image_id":0,"enabled":false},"version":2}},"categories":[1,7,3],"tags":[33,355,31,23,524,361,378,3389,3676],"class_list":["post-6968","post","type-post","status-publish","format-standard","has-post-thumbnail","hentry","category-diario-armstrong","category-politica","category-region","tag-a","tag-conflicto","tag-la","tag-las","tag-municipal","tag-rosas","tag-sin","tag-solucion","tag-vista"],"jetpack_publicize_connections":[],"jetpack_featured_media_url":"https:\/\/armstrongyregion.com.ar\/diario\/wp-content\/uploads\/2016\/04\/las-Rosas.jpg","jetpack_shortlink":"https:\/\/wp.me\/p62QDO-1Oo","jetpack_sharing_enabled":true,"amp_enabled":true,"_links":{"self":[{"href":"https:\/\/armstrongyregion.com.ar\/diario\/wp-json\/wp\/v2\/posts\/6968","targetHints":{"allow":["GET"]}}],"collection":[{"href":"https:\/\/armstrongyregion.com.ar\/diario\/wp-json\/wp\/v2\/posts"}],"about":[{"href":"https:\/\/armstrongyregion.com.ar\/diario\/wp-json\/wp\/v2\/types\/post"}],"author":[{"embeddable":true,"href":"https:\/\/armstrongyregion.com.ar\/diario\/wp-json\/wp\/v2\/users\/2"}],"replies":[{"embeddable":true,"href":"https:\/\/armstrongyregion.com.ar\/diario\/wp-json\/wp\/v2\/comments?post=6968"}],"version-history":[{"count":0,"href":"https:\/\/armstrongyregion.com.ar\/diario\/wp-json\/wp\/v2\/posts\/6968\/revisions"}],"wp:featuredmedia":[{"embeddable":true,"href":"https:\/\/armstrongyregion.com.ar\/diario\/wp-json\/wp\/v2\/media\/6969"}],"wp:attachment":[{"href":"https:\/\/armstrongyregion.com.ar\/diario\/wp-json\/wp\/v2\/media?parent=6968"}],"wp:term":[{"taxonomy":"category","embeddable":true,"href":"https:\/\/armstrongyregion.com.ar\/diario\/wp-json\/wp\/v2\/categories?post=6968"},{"taxonomy":"post_tag","embeddable":true,"href":"https:\/\/armstrongyregion.com.ar\/diario\/wp-json\/wp\/v2\/tags?post=6968"}],"curies":[{"name":"wp","href":"https:\/\/api.w.org\/{rel}","templated":true}]}}