{"id":6945,"date":"2016-04-04T15:26:10","date_gmt":"2016-04-04T15:26:10","guid":{"rendered":"https:\/\/armstrongyregion.com.ar\/diario\/?p=6945"},"modified":"2016-04-04T15:26:10","modified_gmt":"2016-04-04T15:26:10","slug":"fabian-cejas-fue-parte-de-la-presentacion-del-programa-equipar-santa-fe","status":"publish","type":"post","link":"https:\/\/armstrongyregion.com.ar\/diario\/fabian-cejas-fue-parte-de-la-presentacion-del-programa-equipar-santa-fe\/","title":{"rendered":"Fabi\u00e1n Cejas fue parte de la presentaci\u00f3n del programa \u00abEquipar Santa Fe\u00bb"},"content":{"rendered":"<p><a href=\"http:\/\/armstrongyregion.com.ar\/diario\/wp-content\/uploads\/2016\/04\/Equipar-Santa-Fe-1.jpg\"><img loading=\"lazy\" decoding=\"async\" class=\"alignnone size-full wp-image-6946\" src=\"http:\/\/armstrongyregion.com.ar\/diario\/wp-content\/uploads\/2016\/04\/Equipar-Santa-Fe-1.jpg\" alt=\"Equipar Santa Fe (1)\" width=\"768\" height=\"576\" srcset=\"https:\/\/armstrongyregion.com.ar\/diario\/wp-content\/uploads\/2016\/04\/Equipar-Santa-Fe-1.jpg 768w, https:\/\/armstrongyregion.com.ar\/diario\/wp-content\/uploads\/2016\/04\/Equipar-Santa-Fe-1-300x225.jpg 300w\" sizes=\"auto, (max-width: 768px) 100vw, 768px\" \/><\/a>El presidente comunal, Fabian Cejas, acompa\u00f1\u00f3 al gobernador de la provincia de Santa Fe, Miguel Lifschitz en la presentaci\u00f3n de este programa destinado a facilitar la inversi\u00f3n p\u00fablica en municipios y comunas.<\/p>\n<p>Con el objetivo de mejorar la prestaci\u00f3n de los servicios, potenciar la realizaci\u00f3n de obras e incorporar equipamiento a las propias administraciones locales, esta iniciativa beneficiar\u00e1 a nuestra localidad fortaleciendo su capacidad de gesti\u00f3n.<br \/>\nLa provincia comprar\u00e1 maquinaria y equipamiento por hasta mil millones de pesos, para luego financiar la inversi\u00f3n en equipamiento de los municipios y comunas. El objetivo es mejorar la prestaci\u00f3n local de servicios y facilitar la realizaci\u00f3n de obras.<br \/>\n\u201cContar con las herramientas necesarias para encarar trabajos de infraestructura es fundamental para mejorar la calidad en la prestaci\u00f3n de los servicios, lo que se transforma en una mejora inmediata de la calidad de vida de nuestro vecinos\u201d, expres\u00f3 Cejas.<br \/>\nEl encuentro tuvo lugar este mi\u00e9rcoles en la ciudad de Casilda, con la presencia del gobernador de la provincia, funcionarios provinciales, el presidente comunal, el Director de Parque y Paseos, Ing. Marcelo Clemente y representantes de distintos gobiernos locales.-<br \/>\nSe instalaron nomenclaturas sobre calle 9 de Julio<br \/>\nLa Comuna de Correa instal\u00f3 nuevas se\u00f1aleticas en una de las arterias m\u00e1s importantes de la localidad. En esta primera etapa, fueron colocadas sobre Bv. 9 de Julio para continuar con la renovaci\u00f3n en otras intersecciones.<br \/>\nAdem\u00e1s del nombre de la calle, los n\u00fameros y el sentido de circulaci\u00f3n, est\u00e1s nomenclaturas est\u00e1n acompa\u00f1adas por el n\u00famero telef\u00f3nico de Bomberos Voluntarios, Polic\u00eda y SAMCO.<\/p>\n","protected":false},"excerpt":{"rendered":"<p>El presidente comunal, Fabian Cejas, acompa\u00f1\u00f3 al gobernador de la provincia de Santa Fe, Miguel Lifschitz en la presentaci\u00f3n de este programa destinado a facilitar la inversi\u00f3n p\u00fablica en municipios y comunas. Con el objetivo de mejorar la prestaci\u00f3n de los servicios, potenciar la realizaci\u00f3n de obras e incorporar equipamiento a las propias administraciones locales, <a href=\"https:\/\/armstrongyregion.com.ar\/diario\/fabian-cejas-fue-parte-de-la-presentacion-del-programa-equipar-santa-fe\/\" title=\"Read more\" >&#8230;<\/a><\/p>\n","protected":false},"author":2,"featured_media":6946,"comment_status":"open","ping_status":"open","sticky":false,"template":"","format":"standard","meta":{"_jetpack_memberships_contains_paid_content":false,"footnotes":"","jetpack_publicize_message":"","jetpack_publicize_feature_enabled":true,"jetpack_social_post_already_shared":false,"jetpack_social_options":{"image_generator_settings":{"template":"highway","default_image_id":0,"enabled":false},"version":2}},"categories":[6,1,7,3],"tags":[274,19,53,3665,77,1665,1740,582,399],"class_list":["post-6945","post","type-post","status-publish","format-standard","has-post-thumbnail","hentry","category-cultura-entretenimiento","category-diario-armstrong","category-politica","category-region","tag-cejas","tag-de","tag-del","tag-equipar","tag-fe","tag-fue","tag-parte","tag-programa","tag-santa"],"jetpack_publicize_connections":[],"jetpack_featured_media_url":"https:\/\/armstrongyregion.com.ar\/diario\/wp-content\/uploads\/2016\/04\/Equipar-Santa-Fe-1.jpg","jetpack_shortlink":"https:\/\/wp.me\/p62QDO-1O1","jetpack_sharing_enabled":true,"amp_enabled":true,"_links":{"self":[{"href":"https:\/\/armstrongyregion.com.ar\/diario\/wp-json\/wp\/v2\/posts\/6945","targetHints":{"allow":["GET"]}}],"collection":[{"href":"https:\/\/armstrongyregion.com.ar\/diario\/wp-json\/wp\/v2\/posts"}],"about":[{"href":"https:\/\/armstrongyregion.com.ar\/diario\/wp-json\/wp\/v2\/types\/post"}],"author":[{"embeddable":true,"href":"https:\/\/armstrongyregion.com.ar\/diario\/wp-json\/wp\/v2\/users\/2"}],"replies":[{"embeddable":true,"href":"https:\/\/armstrongyregion.com.ar\/diario\/wp-json\/wp\/v2\/comments?post=6945"}],"version-history":[{"count":0,"href":"https:\/\/armstrongyregion.com.ar\/diario\/wp-json\/wp\/v2\/posts\/6945\/revisions"}],"wp:featuredmedia":[{"embeddable":true,"href":"https:\/\/armstrongyregion.com.ar\/diario\/wp-json\/wp\/v2\/media\/6946"}],"wp:attachment":[{"href":"https:\/\/armstrongyregion.com.ar\/diario\/wp-json\/wp\/v2\/media?parent=6945"}],"wp:term":[{"taxonomy":"category","embeddable":true,"href":"https:\/\/armstrongyregion.com.ar\/diario\/wp-json\/wp\/v2\/categories?post=6945"},{"taxonomy":"post_tag","embeddable":true,"href":"https:\/\/armstrongyregion.com.ar\/diario\/wp-json\/wp\/v2\/tags?post=6945"}],"curies":[{"name":"wp","href":"https:\/\/api.w.org\/{rel}","templated":true}]}}