{"id":6939,"date":"2016-04-04T01:44:41","date_gmt":"2016-04-04T01:44:41","guid":{"rendered":"https:\/\/armstrongyregion.com.ar\/diario\/?p=6939"},"modified":"2016-04-04T01:44:41","modified_gmt":"2016-04-04T01:44:41","slug":"este-lunes-no-habra-clases-en-escuelas-publicas-y-privadas","status":"publish","type":"post","link":"https:\/\/armstrongyregion.com.ar\/diario\/este-lunes-no-habra-clases-en-escuelas-publicas-y-privadas\/","title":{"rendered":"Este lunes no habr\u00e1 clases en escuelas p\u00fablicas y privadas."},"content":{"rendered":"<p><a href=\"http:\/\/armstrongyregion.com.ar\/diario\/wp-content\/uploads\/2016\/04\/paro_docente_escuela_2-_telam.jpg_1572130063.jpg\"><img loading=\"lazy\" decoding=\"async\" class=\"alignnone size-full wp-image-6940\" src=\"http:\/\/armstrongyregion.com.ar\/diario\/wp-content\/uploads\/2016\/04\/paro_docente_escuela_2-_telam.jpg_1572130063.jpg\" alt=\"paro_docente_escuela_2-_telam.jpg_1572130063\" width=\"760\" height=\"428\" srcset=\"https:\/\/armstrongyregion.com.ar\/diario\/wp-content\/uploads\/2016\/04\/paro_docente_escuela_2-_telam.jpg_1572130063.jpg 760w, https:\/\/armstrongyregion.com.ar\/diario\/wp-content\/uploads\/2016\/04\/paro_docente_escuela_2-_telam.jpg_1572130063-300x169.jpg 300w\" sizes=\"auto, (max-width: 760px) 100vw, 760px\" \/><\/a>La medida de fuerza nacional fue lanzada por Ctera y tanto Amsafe como Sadop adhirieron. Es en pedido de justicia a nueve a\u00f1os del crimen del maestro Fuentealba<\/p>\n<p>Las aulas de toda las escuelas p\u00fablicas y privadas de la provincia estar\u00e1n vac\u00edas este lunes. Es por una medida de fuerza lanzada a nivel nacional por Ctera en pedido de justicia, a 9 a\u00f1os del asesinato del maestro Carlos Fuentealba.<\/p>\n<p>La huelga, promovida por el pedido de justicia, tambi\u00e9n agrupar\u00e1 distintos pedidos por parte de los gremios docentes. Tanto Ctera como Amsafe consideraron como \u00abgrave\u00bb el protocolo de seguridad del gobierno nacional para las manifestaciones.<\/p>\n<p>A su vez, Ctera se solidariz\u00f3 con las provincias que a\u00fan no cerraron las paritarias docentes.<\/p>\n<p>Los gremios tambi\u00e9n piden la continuidad de programas socioeducativos como Fines, Conectar Igualdad, CAJ, CAI, Orquestas y Coros Infantiles.<br \/>\nRosario3.com<\/p>\n","protected":false},"excerpt":{"rendered":"<p>La medida de fuerza nacional fue lanzada por Ctera y tanto Amsafe como Sadop adhirieron. Es en pedido de justicia a nueve a\u00f1os del crimen del maestro Fuentealba Las aulas de toda las escuelas p\u00fablicas y privadas de la provincia estar\u00e1n vac\u00edas este lunes. Es por una medida de fuerza lanzada a nivel nacional por <a href=\"https:\/\/armstrongyregion.com.ar\/diario\/este-lunes-no-habra-clases-en-escuelas-publicas-y-privadas\/\" title=\"Read more\" >&#8230;<\/a><\/p>\n","protected":false},"author":2,"featured_media":6940,"comment_status":"open","ping_status":"open","sticky":false,"template":"","format":"standard","meta":{"_jetpack_memberships_contains_paid_content":false,"footnotes":"","jetpack_publicize_message":"","jetpack_publicize_feature_enabled":true,"jetpack_social_post_already_shared":false,"jetpack_social_options":{"image_generator_settings":{"template":"highway","default_image_id":0,"enabled":false},"version":2}},"categories":[6,1,2819,2,7,3],"tags":[1027,15,117,162,843,539,1772,96,1239,1857],"class_list":["post-6939","post","type-post","status-publish","format-standard","has-post-thumbnail","hentry","category-cultura-entretenimiento","category-diario-armstrong","category-el-pais","category-locales","category-politica","category-region","tag-clases","tag-en","tag-escuelas","tag-este","tag-habra","tag-lunes","tag-ni","tag-no","tag-privadas","tag-publicas"],"jetpack_publicize_connections":[],"jetpack_featured_media_url":"https:\/\/armstrongyregion.com.ar\/diario\/wp-content\/uploads\/2016\/04\/paro_docente_escuela_2-_telam.jpg_1572130063.jpg","jetpack_shortlink":"https:\/\/wp.me\/p62QDO-1NV","jetpack_sharing_enabled":true,"amp_enabled":true,"_links":{"self":[{"href":"https:\/\/armstrongyregion.com.ar\/diario\/wp-json\/wp\/v2\/posts\/6939","targetHints":{"allow":["GET"]}}],"collection":[{"href":"https:\/\/armstrongyregion.com.ar\/diario\/wp-json\/wp\/v2\/posts"}],"about":[{"href":"https:\/\/armstrongyregion.com.ar\/diario\/wp-json\/wp\/v2\/types\/post"}],"author":[{"embeddable":true,"href":"https:\/\/armstrongyregion.com.ar\/diario\/wp-json\/wp\/v2\/users\/2"}],"replies":[{"embeddable":true,"href":"https:\/\/armstrongyregion.com.ar\/diario\/wp-json\/wp\/v2\/comments?post=6939"}],"version-history":[{"count":0,"href":"https:\/\/armstrongyregion.com.ar\/diario\/wp-json\/wp\/v2\/posts\/6939\/revisions"}],"wp:featuredmedia":[{"embeddable":true,"href":"https:\/\/armstrongyregion.com.ar\/diario\/wp-json\/wp\/v2\/media\/6940"}],"wp:attachment":[{"href":"https:\/\/armstrongyregion.com.ar\/diario\/wp-json\/wp\/v2\/media?parent=6939"}],"wp:term":[{"taxonomy":"category","embeddable":true,"href":"https:\/\/armstrongyregion.com.ar\/diario\/wp-json\/wp\/v2\/categories?post=6939"},{"taxonomy":"post_tag","embeddable":true,"href":"https:\/\/armstrongyregion.com.ar\/diario\/wp-json\/wp\/v2\/tags?post=6939"}],"curies":[{"name":"wp","href":"https:\/\/api.w.org\/{rel}","templated":true}]}}