{"id":6936,"date":"2016-04-04T01:38:50","date_gmt":"2016-04-04T01:38:50","guid":{"rendered":"https:\/\/armstrongyregion.com.ar\/diario\/?p=6936"},"modified":"2016-04-04T01:50:25","modified_gmt":"2016-04-04T01:50:25","slug":"armstrong-dia-del-veterano-y-de-los-caidos-en-malvinas","status":"publish","type":"post","link":"https:\/\/armstrongyregion.com.ar\/diario\/armstrong-dia-del-veterano-y-de-los-caidos-en-malvinas\/","title":{"rendered":"Armstrong. D\u00eda del Veterano y de los Ca\u00eddos en Malvinas."},"content":{"rendered":"<p><a href=\"http:\/\/armstrongyregion.com.ar\/diario\/wp-content\/uploads\/2016\/04\/Acto-Malvinas.jpg\"><img loading=\"lazy\" decoding=\"async\" class=\"alignnone size-full wp-image-6937\" src=\"http:\/\/armstrongyregion.com.ar\/diario\/wp-content\/uploads\/2016\/04\/Acto-Malvinas.jpg\" alt=\"Acto-Malvinas\" width=\"960\" height=\"636\" srcset=\"https:\/\/armstrongyregion.com.ar\/diario\/wp-content\/uploads\/2016\/04\/Acto-Malvinas.jpg 960w, https:\/\/armstrongyregion.com.ar\/diario\/wp-content\/uploads\/2016\/04\/Acto-Malvinas-300x199.jpg 300w\" sizes=\"auto, (max-width: 960px) 100vw, 960px\" \/><\/a>El pasado s\u00e1bado se cumplieron 34 a\u00f1os de la Guerra de Malvinas, el conflicto b\u00e9lico con Gran Breta\u00f1a en el que murieron 649 argentinos, a los que sumaron m\u00e1s de 500 que se suicidaron con posterioridad.<\/p>\n<p>El intendente local Dr. Pablo Verdecchia homenajeo a los ex combatientes del Atl\u00e1ntico Sur, al conmemorarse el D\u00eda del Veterano y de los Ca\u00eddos en la Guerra de Malvinas con un emotivo acto en la Plaza Claudio Giaretti, hijo de nuestra ciudad que perdi\u00f3 la vida en dicha guerra y quien est\u00e1 presente en la memoria de todos los armstronenses.<\/p>\n<p>Una hora m\u00e1s tarde en el MHM \u00a0quedo inaugurada la muestra permanente \u201cMalvinas\u201d, la misma mantendr\u00e1 vigente en la memoria de todos el significado \u00a0de lo innecesario de una guerra, este relato, si bien tiene cierta rigurosidad hist\u00f3rica, es el relato de soldados que estuvieron luchando en las Islas, y como, cada uno desde su perspectiva vivi\u00f3 y vio aquellos momentos.<\/p>\n<p>Las im\u00e1genes fueron sacadas de distintos documentos hist\u00f3ricos, los objetos fueron donados por diferentes ex combatientes y por personas muy llegadas a diferentes instituciones que recuerdan permanentemente esta guerra y los testimonios son de ex combatientes de nuestra ciudad y de ciudades vecinas.<\/p>\n<p>La guerra de Malvinas quedara para siempre en nuestra memoria, y en el MHM un espacio f\u00edsico que lo recordar\u00e1.<\/p>\n<p>&nbsp;<\/p>\n","protected":false},"excerpt":{"rendered":"<p>El pasado s\u00e1bado se cumplieron 34 a\u00f1os de la Guerra de Malvinas, el conflicto b\u00e9lico con Gran Breta\u00f1a en el que murieron 649 argentinos, a los que sumaron m\u00e1s de 500 que se suicidaron con posterioridad. El intendente local Dr. Pablo Verdecchia homenajeo a los ex combatientes del Atl\u00e1ntico Sur, al conmemorarse el D\u00eda del <a href=\"https:\/\/armstrongyregion.com.ar\/diario\/armstrong-dia-del-veterano-y-de-los-caidos-en-malvinas\/\" title=\"Read more\" >&#8230;<\/a><\/p>\n","protected":false},"author":2,"featured_media":6937,"comment_status":"open","ping_status":"open","sticky":false,"template":"","format":"standard","meta":{"_jetpack_memberships_contains_paid_content":false,"footnotes":"","jetpack_publicize_message":"","jetpack_publicize_feature_enabled":true,"jetpack_social_post_already_shared":false,"jetpack_social_options":{"image_generator_settings":{"template":"highway","default_image_id":0,"enabled":false},"version":2}},"categories":[6,1,2,3],"tags":[1328,19,793,15,42,1329,1327,13],"class_list":["post-6936","post","type-post","status-publish","format-standard","has-post-thumbnail","hentry","category-cultura-entretenimiento","category-diario-armstrong","category-locales","category-region","tag-caidos","tag-de","tag-dia","tag-en","tag-los","tag-malvinas","tag-veterano","tag-y"],"jetpack_publicize_connections":[],"jetpack_featured_media_url":"https:\/\/armstrongyregion.com.ar\/diario\/wp-content\/uploads\/2016\/04\/Acto-Malvinas.jpg","jetpack_shortlink":"https:\/\/wp.me\/p62QDO-1NS","jetpack_sharing_enabled":true,"amp_enabled":true,"_links":{"self":[{"href":"https:\/\/armstrongyregion.com.ar\/diario\/wp-json\/wp\/v2\/posts\/6936","targetHints":{"allow":["GET"]}}],"collection":[{"href":"https:\/\/armstrongyregion.com.ar\/diario\/wp-json\/wp\/v2\/posts"}],"about":[{"href":"https:\/\/armstrongyregion.com.ar\/diario\/wp-json\/wp\/v2\/types\/post"}],"author":[{"embeddable":true,"href":"https:\/\/armstrongyregion.com.ar\/diario\/wp-json\/wp\/v2\/users\/2"}],"replies":[{"embeddable":true,"href":"https:\/\/armstrongyregion.com.ar\/diario\/wp-json\/wp\/v2\/comments?post=6936"}],"version-history":[{"count":0,"href":"https:\/\/armstrongyregion.com.ar\/diario\/wp-json\/wp\/v2\/posts\/6936\/revisions"}],"wp:featuredmedia":[{"embeddable":true,"href":"https:\/\/armstrongyregion.com.ar\/diario\/wp-json\/wp\/v2\/media\/6937"}],"wp:attachment":[{"href":"https:\/\/armstrongyregion.com.ar\/diario\/wp-json\/wp\/v2\/media?parent=6936"}],"wp:term":[{"taxonomy":"category","embeddable":true,"href":"https:\/\/armstrongyregion.com.ar\/diario\/wp-json\/wp\/v2\/categories?post=6936"},{"taxonomy":"post_tag","embeddable":true,"href":"https:\/\/armstrongyregion.com.ar\/diario\/wp-json\/wp\/v2\/tags?post=6936"}],"curies":[{"name":"wp","href":"https:\/\/api.w.org\/{rel}","templated":true}]}}