{"id":6922,"date":"2016-04-01T04:07:59","date_gmt":"2016-04-01T04:07:59","guid":{"rendered":"https:\/\/armstrongyregion.com.ar\/diario\/?p=6922"},"modified":"2016-04-01T04:29:33","modified_gmt":"2016-04-01T04:29:33","slug":"mas-de-250-personas-en-la-marcha-por-el-aumento-de-las-tarifas-de-energia-electrica","status":"publish","type":"post","link":"https:\/\/armstrongyregion.com.ar\/diario\/mas-de-250-personas-en-la-marcha-por-el-aumento-de-las-tarifas-de-energia-electrica\/","title":{"rendered":"M\u00e1s de 250 personas en la marcha por el aumento de las tarifas de energ\u00eda el\u00e9ctrica."},"content":{"rendered":"<p><a href=\"http:\/\/armstrongyregion.com.ar\/diario\/wp-content\/uploads\/2016\/04\/reclamo-cooperativa.jpg\"><img loading=\"lazy\" decoding=\"async\" class=\"alignnone size-full wp-image-6923\" src=\"http:\/\/armstrongyregion.com.ar\/diario\/wp-content\/uploads\/2016\/04\/reclamo-cooperativa.jpg\" alt=\"reclamo-cooperativa\" width=\"960\" height=\"540\" srcset=\"https:\/\/armstrongyregion.com.ar\/diario\/wp-content\/uploads\/2016\/04\/reclamo-cooperativa.jpg 960w, https:\/\/armstrongyregion.com.ar\/diario\/wp-content\/uploads\/2016\/04\/reclamo-cooperativa-300x169.jpg 300w\" sizes=\"auto, (max-width: 960px) 100vw, 960px\" \/><\/a>A las 22hs. comenz\u00f3 a llegar la gente a la Plaza Flotron, de a poco el lugar comenz\u00f3 a poblarse de ciudadanos armstronenses, todos planteando su descontento por el aumento en las facturas que llegaron recientemente a sus hogares, Rosana, que se present\u00f3 como tal, en contacto con la prensa, nos dec\u00eda; \u201cEsta convocatoria, fue a trav\u00e9s de las redes sociales, en reclamo del desmedido aumento en las facturas de luz, que nunca fue del 60% como se dijo. Que en muchos casos fue much\u00edsimo m\u00e1s\u201d.<\/p>\n<p>Siguiendo la misma l\u00ednea de discurso, \u201cHicimos un petitorio con la firma de la gente que vino hoy, y trajimos planillas para seguir juntando firmas y podamos llevar al Concejo Deliberante el d\u00eda lunes, manifestando nuestro desacuerdo. Hoy vino gente, pero esperamos que vengan muchos m\u00e1s\u201d.<\/p>\n<p>Continu\u00f3, \u201cQueremos tener participaci\u00f3n en las asambleas de la Cooperativa de Obras y Servicios P\u00fablicos.\u201d.<\/p>\n<p>Luego de algunos c\u00e1nticos y palmas en contra del aumento, algunas personas manifestaron su desacuerdo por los aumentos a viva voz, pero todo en un marco de reclamo, prometiendo m\u00e1s movilizaciones de este tipo\u201d.<\/p>\n","protected":false},"excerpt":{"rendered":"<p>A las 22hs. comenz\u00f3 a llegar la gente a la Plaza Flotron, de a poco el lugar comenz\u00f3 a poblarse de ciudadanos armstronenses, todos planteando su descontento por el aumento en las facturas que llegaron recientemente a sus hogares, Rosana, que se present\u00f3 como tal, en contacto con la prensa, nos dec\u00eda; \u201cEsta convocatoria, fue <a href=\"https:\/\/armstrongyregion.com.ar\/diario\/mas-de-250-personas-en-la-marcha-por-el-aumento-de-las-tarifas-de-energia-electrica\/\" title=\"Read more\" >&#8230;<\/a><\/p>\n","protected":false},"author":2,"featured_media":6923,"comment_status":"open","ping_status":"open","sticky":false,"template":"","format":"standard","meta":{"_jetpack_memberships_contains_paid_content":false,"footnotes":"","jetpack_publicize_message":"","jetpack_publicize_feature_enabled":true,"jetpack_social_post_already_shared":false,"jetpack_social_options":{"image_generator_settings":{"template":"highway","default_image_id":0,"enabled":false},"version":2}},"categories":[1,2,3],"tags":[250,1234,19,3664,15,1800,40,696,60,166],"class_list":["post-6922","post","type-post","status-publish","format-standard","has-post-thumbnail","hentry","category-diario-armstrong","category-locales","category-region","tag-250","tag-aumento","tag-de","tag-electrica","tag-en","tag-energia","tag-mas","tag-personas","tag-por","tag-reclamo"],"jetpack_publicize_connections":[],"jetpack_featured_media_url":"https:\/\/armstrongyregion.com.ar\/diario\/wp-content\/uploads\/2016\/04\/reclamo-cooperativa.jpg","jetpack_shortlink":"https:\/\/wp.me\/p62QDO-1NE","jetpack_sharing_enabled":true,"amp_enabled":true,"_links":{"self":[{"href":"https:\/\/armstrongyregion.com.ar\/diario\/wp-json\/wp\/v2\/posts\/6922","targetHints":{"allow":["GET"]}}],"collection":[{"href":"https:\/\/armstrongyregion.com.ar\/diario\/wp-json\/wp\/v2\/posts"}],"about":[{"href":"https:\/\/armstrongyregion.com.ar\/diario\/wp-json\/wp\/v2\/types\/post"}],"author":[{"embeddable":true,"href":"https:\/\/armstrongyregion.com.ar\/diario\/wp-json\/wp\/v2\/users\/2"}],"replies":[{"embeddable":true,"href":"https:\/\/armstrongyregion.com.ar\/diario\/wp-json\/wp\/v2\/comments?post=6922"}],"version-history":[{"count":0,"href":"https:\/\/armstrongyregion.com.ar\/diario\/wp-json\/wp\/v2\/posts\/6922\/revisions"}],"wp:featuredmedia":[{"embeddable":true,"href":"https:\/\/armstrongyregion.com.ar\/diario\/wp-json\/wp\/v2\/media\/6923"}],"wp:attachment":[{"href":"https:\/\/armstrongyregion.com.ar\/diario\/wp-json\/wp\/v2\/media?parent=6922"}],"wp:term":[{"taxonomy":"category","embeddable":true,"href":"https:\/\/armstrongyregion.com.ar\/diario\/wp-json\/wp\/v2\/categories?post=6922"},{"taxonomy":"post_tag","embeddable":true,"href":"https:\/\/armstrongyregion.com.ar\/diario\/wp-json\/wp\/v2\/tags?post=6922"}],"curies":[{"name":"wp","href":"https:\/\/api.w.org\/{rel}","templated":true}]}}