{"id":6910,"date":"2016-03-31T16:05:59","date_gmt":"2016-03-31T16:05:59","guid":{"rendered":"https:\/\/armstrongyregion.com.ar\/diario\/?p=6910"},"modified":"2016-03-31T16:05:59","modified_gmt":"2016-03-31T16:05:59","slug":"exitosa-ronda-de-negocios-del-sector-mueble-en-canada-de-gomez","status":"publish","type":"post","link":"https:\/\/armstrongyregion.com.ar\/diario\/exitosa-ronda-de-negocios-del-sector-mueble-en-canada-de-gomez\/","title":{"rendered":"Exitosa ronda de negocios del sector mueble en Ca\u00f1ada de G\u00f3mez."},"content":{"rendered":"<p><a href=\"http:\/\/armstrongyregion.com.ar\/diario\/wp-content\/uploads\/2016\/03\/Centro-Economico-.jpg\"><img loading=\"lazy\" decoding=\"async\" class=\"alignnone size-full wp-image-6911\" src=\"http:\/\/armstrongyregion.com.ar\/diario\/wp-content\/uploads\/2016\/03\/Centro-Economico-.jpg\" alt=\"Centro-economico-\" width=\"768\" height=\"576\" srcset=\"https:\/\/armstrongyregion.com.ar\/diario\/wp-content\/uploads\/2016\/03\/Centro-Economico-.jpg 768w, https:\/\/armstrongyregion.com.ar\/diario\/wp-content\/uploads\/2016\/03\/Centro-Economico--300x225.jpg 300w\" sizes=\"auto, (max-width: 768px) 100vw, 768px\" \/><\/a>Se realiz\u00f3 en Ca\u00f1ada de G\u00f3mez la Ronda de Negocios Nacional del Sector Mueble que fue organizada por el El Centro Econ\u00f3mico de Ca\u00f1ada de G\u00f3mez con el acompa\u00f1amiento de la Confederaci\u00f3n Argentina de la Mediana Empresa (CAME), los organizadores calificaron la experiencia como \u201cexcelente\u201d.<br \/>\n\u201cTodos los que asistieron han creado contactos muy valiosos porque fue una ronda chica en cantidad de empresas participantes pero gener\u00f3 muchos v\u00ednculos directos entre proveedores y clientes\u201d, expresaron.<br \/>\n\u201cDe repente, a una empresa de Ca\u00f1ada de G\u00f3mez se le abren nuevos mercados y si uno tiene la capacidad de abastecer a esos mercados, los negocios que se pueden hacer en estas rondas de negocios son muy grandes, porque se ofrece la posibilidad de sentarse en la mesa con gente distinta, el mismo d\u00eda y en un ambiente preparado especialmente para esos encuentros.\u201d, agregaron<br \/>\nDurante la jornada se concertaron m\u00e1s de 100 entrevistas y se recibieron a empresarios de varias provincias del pa\u00eds.<\/p>\n","protected":false},"excerpt":{"rendered":"<p>Se realiz\u00f3 en Ca\u00f1ada de G\u00f3mez la Ronda de Negocios Nacional del Sector Mueble que fue organizada por el El Centro Econ\u00f3mico de Ca\u00f1ada de G\u00f3mez con el acompa\u00f1amiento de la Confederaci\u00f3n Argentina de la Mediana Empresa (CAME), los organizadores calificaron la experiencia como \u201cexcelente\u201d. \u201cTodos los que asistieron han creado contactos muy valiosos porque <a href=\"https:\/\/armstrongyregion.com.ar\/diario\/exitosa-ronda-de-negocios-del-sector-mueble-en-canada-de-gomez\/\" title=\"Read more\" >&#8230;<\/a><\/p>\n","protected":false},"author":2,"featured_media":6911,"comment_status":"open","ping_status":"open","sticky":false,"template":"","format":"standard","meta":{"_jetpack_memberships_contains_paid_content":false,"footnotes":"","jetpack_publicize_message":"","jetpack_publicize_feature_enabled":true,"jetpack_social_post_already_shared":false,"jetpack_social_options":{"image_generator_settings":{"template":"highway","default_image_id":0,"enabled":false},"version":2}},"categories":[1,3],"tags":[163,19,1159,164,611,1024],"class_list":["post-6910","post","type-post","status-publish","format-standard","has-post-thumbnail","hentry","category-diario-armstrong","category-region","tag-canada","tag-de","tag-exitosa","tag-gomez","tag-negocios","tag-ronda"],"jetpack_publicize_connections":[],"jetpack_featured_media_url":"https:\/\/armstrongyregion.com.ar\/diario\/wp-content\/uploads\/2016\/03\/Centro-Economico-.jpg","jetpack_shortlink":"https:\/\/wp.me\/p62QDO-1Ns","jetpack_sharing_enabled":true,"amp_enabled":true,"_links":{"self":[{"href":"https:\/\/armstrongyregion.com.ar\/diario\/wp-json\/wp\/v2\/posts\/6910","targetHints":{"allow":["GET"]}}],"collection":[{"href":"https:\/\/armstrongyregion.com.ar\/diario\/wp-json\/wp\/v2\/posts"}],"about":[{"href":"https:\/\/armstrongyregion.com.ar\/diario\/wp-json\/wp\/v2\/types\/post"}],"author":[{"embeddable":true,"href":"https:\/\/armstrongyregion.com.ar\/diario\/wp-json\/wp\/v2\/users\/2"}],"replies":[{"embeddable":true,"href":"https:\/\/armstrongyregion.com.ar\/diario\/wp-json\/wp\/v2\/comments?post=6910"}],"version-history":[{"count":0,"href":"https:\/\/armstrongyregion.com.ar\/diario\/wp-json\/wp\/v2\/posts\/6910\/revisions"}],"wp:featuredmedia":[{"embeddable":true,"href":"https:\/\/armstrongyregion.com.ar\/diario\/wp-json\/wp\/v2\/media\/6911"}],"wp:attachment":[{"href":"https:\/\/armstrongyregion.com.ar\/diario\/wp-json\/wp\/v2\/media?parent=6910"}],"wp:term":[{"taxonomy":"category","embeddable":true,"href":"https:\/\/armstrongyregion.com.ar\/diario\/wp-json\/wp\/v2\/categories?post=6910"},{"taxonomy":"post_tag","embeddable":true,"href":"https:\/\/armstrongyregion.com.ar\/diario\/wp-json\/wp\/v2\/tags?post=6910"}],"curies":[{"name":"wp","href":"https:\/\/api.w.org\/{rel}","templated":true}]}}