{"id":6907,"date":"2016-03-31T16:00:51","date_gmt":"2016-03-31T16:00:51","guid":{"rendered":"https:\/\/armstrongyregion.com.ar\/diario\/?p=6907"},"modified":"2016-03-31T16:00:51","modified_gmt":"2016-03-31T16:00:51","slug":"inicia-sus-actividades-el-conservatorio-municipal-de-musica","status":"publish","type":"post","link":"https:\/\/armstrongyregion.com.ar\/diario\/inicia-sus-actividades-el-conservatorio-municipal-de-musica\/","title":{"rendered":"Inicia sus actividades el Conservatorio Municipal de M\u00fasica."},"content":{"rendered":"<p><a href=\"http:\/\/armstrongyregion.com.ar\/diario\/wp-content\/uploads\/2016\/03\/minitarjetaconservatoriomarzo.jpg\"><img loading=\"lazy\" decoding=\"async\" class=\"alignnone size-full wp-image-6908\" src=\"http:\/\/armstrongyregion.com.ar\/diario\/wp-content\/uploads\/2016\/03\/minitarjetaconservatoriomarzo.jpg\" alt=\"minitarjetaconservatoriomarzo\" width=\"1105\" height=\"789\" srcset=\"https:\/\/armstrongyregion.com.ar\/diario\/wp-content\/uploads\/2016\/03\/minitarjetaconservatoriomarzo.jpg 1105w, https:\/\/armstrongyregion.com.ar\/diario\/wp-content\/uploads\/2016\/03\/minitarjetaconservatoriomarzo-300x214.jpg 300w, https:\/\/armstrongyregion.com.ar\/diario\/wp-content\/uploads\/2016\/03\/minitarjetaconservatoriomarzo-1024x731.jpg 1024w\" sizes=\"auto, (max-width: 1105px) 100vw, 1105px\" \/><\/a>La Municipalidad de Armstrong mediante la Secretar\u00eda de Educaci\u00f3n, Cultura y Deporte invita a toda la comunidad al acto de apertura oficial del Conservatorio Municipal de M\u00fasica \u201cEnzo Vacchino\u201d que se realizar\u00e1 el viernes 1 de abril a las 20 hs. en la Estaci\u00f3n Cultura (ex ferrocarril).<br \/>\nEsta invitaci\u00f3n se hace especialmente extensiva a todos los m\u00fasicos de la ciudad y de la regi\u00f3n, a todas las personas que ya est\u00e9n inscriptas en las diferentes disciplinas, o que est\u00e9n interesadas en incorporar conocimientos musicales en su vida.<br \/>\nA partir de lunes 4 de abril se iniciar\u00e1n las clases en d\u00edas y horarios que ser\u00e1n informados oportunamente.<\/p>\n","protected":false},"excerpt":{"rendered":"<p>La Municipalidad de Armstrong mediante la Secretar\u00eda de Educaci\u00f3n, Cultura y Deporte invita a toda la comunidad al acto de apertura oficial del Conservatorio Municipal de M\u00fasica \u201cEnzo Vacchino\u201d que se realizar\u00e1 el viernes 1 de abril a las 20 hs. en la Estaci\u00f3n Cultura (ex ferrocarril). Esta invitaci\u00f3n se hace especialmente extensiva a todos <a href=\"https:\/\/armstrongyregion.com.ar\/diario\/inicia-sus-actividades-el-conservatorio-municipal-de-musica\/\" title=\"Read more\" >&#8230;<\/a><\/p>\n","protected":false},"author":2,"featured_media":6908,"comment_status":"open","ping_status":"open","sticky":false,"template":"","format":"standard","meta":{"_jetpack_memberships_contains_paid_content":false,"footnotes":"","jetpack_publicize_message":"","jetpack_publicize_feature_enabled":true,"jetpack_social_post_already_shared":false,"jetpack_social_options":{"image_generator_settings":{"template":"highway","default_image_id":0,"enabled":false},"version":2}},"categories":[6,1,2],"tags":[263,3660,19,698,2500],"class_list":["post-6907","post","type-post","status-publish","format-standard","has-post-thumbnail","hentry","category-cultura-entretenimiento","category-diario-armstrong","category-locales","tag-actividades","tag-conservatorio","tag-de","tag-inicia","tag-musica"],"jetpack_publicize_connections":[],"jetpack_featured_media_url":"https:\/\/armstrongyregion.com.ar\/diario\/wp-content\/uploads\/2016\/03\/minitarjetaconservatoriomarzo.jpg","jetpack_shortlink":"https:\/\/wp.me\/p62QDO-1Np","jetpack_sharing_enabled":true,"amp_enabled":true,"_links":{"self":[{"href":"https:\/\/armstrongyregion.com.ar\/diario\/wp-json\/wp\/v2\/posts\/6907","targetHints":{"allow":["GET"]}}],"collection":[{"href":"https:\/\/armstrongyregion.com.ar\/diario\/wp-json\/wp\/v2\/posts"}],"about":[{"href":"https:\/\/armstrongyregion.com.ar\/diario\/wp-json\/wp\/v2\/types\/post"}],"author":[{"embeddable":true,"href":"https:\/\/armstrongyregion.com.ar\/diario\/wp-json\/wp\/v2\/users\/2"}],"replies":[{"embeddable":true,"href":"https:\/\/armstrongyregion.com.ar\/diario\/wp-json\/wp\/v2\/comments?post=6907"}],"version-history":[{"count":0,"href":"https:\/\/armstrongyregion.com.ar\/diario\/wp-json\/wp\/v2\/posts\/6907\/revisions"}],"wp:featuredmedia":[{"embeddable":true,"href":"https:\/\/armstrongyregion.com.ar\/diario\/wp-json\/wp\/v2\/media\/6908"}],"wp:attachment":[{"href":"https:\/\/armstrongyregion.com.ar\/diario\/wp-json\/wp\/v2\/media?parent=6907"}],"wp:term":[{"taxonomy":"category","embeddable":true,"href":"https:\/\/armstrongyregion.com.ar\/diario\/wp-json\/wp\/v2\/categories?post=6907"},{"taxonomy":"post_tag","embeddable":true,"href":"https:\/\/armstrongyregion.com.ar\/diario\/wp-json\/wp\/v2\/tags?post=6907"}],"curies":[{"name":"wp","href":"https:\/\/api.w.org\/{rel}","templated":true}]}}