{"id":6892,"date":"2016-03-31T04:31:23","date_gmt":"2016-03-31T04:31:23","guid":{"rendered":"https:\/\/armstrongyregion.com.ar\/diario\/?p=6892"},"modified":"2016-03-31T04:31:23","modified_gmt":"2016-03-31T04:31:23","slug":"mansilla-celebro-resolucion-de-la-onu-que-reconoce-plataforma-maritima-argentina","status":"publish","type":"post","link":"https:\/\/armstrongyregion.com.ar\/diario\/mansilla-celebro-resolucion-de-la-onu-que-reconoce-plataforma-maritima-argentina\/","title":{"rendered":"Mansilla celebr\u00f3 resoluci\u00f3n de la ONU que reconoce plataforma mar\u00edtima argentina."},"content":{"rendered":"<p><a href=\"http:\/\/armstrongyregion.com.ar\/diario\/wp-content\/uploads\/2016\/03\/Diego-Mansilla-.jpg\"><img loading=\"lazy\" decoding=\"async\" class=\"alignnone size-full wp-image-6893\" src=\"http:\/\/armstrongyregion.com.ar\/diario\/wp-content\/uploads\/2016\/03\/Diego-Mansilla-.jpg\" alt=\"Diego-Mansilla-\" width=\"1024\" height=\"720\" srcset=\"https:\/\/armstrongyregion.com.ar\/diario\/wp-content\/uploads\/2016\/03\/Diego-Mansilla-.jpg 1024w, https:\/\/armstrongyregion.com.ar\/diario\/wp-content\/uploads\/2016\/03\/Diego-Mansilla--300x211.jpg 300w\" sizes=\"auto, (max-width: 1024px) 100vw, 1024px\" \/><\/a>\u201cLa soberan\u00eda no se declama, se construye\u201d<\/p>\n<p>\u201cEsto es fruto de un trabajo que se inici\u00f3 durante el gobierno de Cristina, quien defendi\u00f3 los intereses nacionales en todos los frentes y mostr\u00f3 que la soberan\u00eda no se declama, se construye\u201d, dijo hoy el diputado del Mercosur Diego Mansilla, consultado respecto de la resoluci\u00f3n de la Organizaci\u00f3n de Naciones Unidas (ONU) que reconoce a la Argentina un 35 por ciento m\u00e1s de plataforma mar\u00edtima. \u201cSe trata de un 1,7 millones de metros cuadrados, que se extienden hasta la zona de Malvinas, Georgias del Sur y S\u00e1ndwich del Sur y significa un reconocimiento tambi\u00e9n al reclamo de soberan\u00eda sobre estas islas\u201d, remarc\u00f3 Mansilla.<\/p>\n<p>\u201cN\u00e9stor y Cristina reiniciaron una etapa de intensa actividad diplom\u00e1tica para instalar el reclamo por Malvinas y nuestra plataforma mar\u00edtima. Ahora tenemos este resultado que surge de la Comisi\u00f3n de L\u00edmites de la Plataforma Continental (CLPC), que por consenso dispuso aceptar el pedido argentino presentado en el 2009 en lo que tiene que ver con el \u00e1rea mar\u00edtima. Y aunque la CLPC evit\u00f3 pronunciarse respecto de Malvinas y el resto de las islas, al aceptar la zona adyacente da nuevo impulso a nuestro hist\u00f3rico reclamo, justo en v\u00edsperas de un nuevo 2 de Abril\u201d, destac\u00f3 el parlamentario del Mercosur.<\/p>\n<p>\u201cEl potencial de la plataforma mar\u00edtima es enorme y esta resoluci\u00f3n permite desarrollarlo con previsibilidad, con tranquilidad. Esperemos que esta pol\u00edtica de estado de defensa de la soberan\u00eda y el patrimonio nacional se sostenga en el tiempo\u201d, dijo tambi\u00e9n Mansilla.<\/p>\n","protected":false},"excerpt":{"rendered":"<p>\u201cLa soberan\u00eda no se declama, se construye\u201d \u201cEsto es fruto de un trabajo que se inici\u00f3 durante el gobierno de Cristina, quien defendi\u00f3 los intereses nacionales en todos los frentes y mostr\u00f3 que la soberan\u00eda no se declama, se construye\u201d, dijo hoy el diputado del Mercosur Diego Mansilla, consultado respecto de la resoluci\u00f3n de la <a href=\"https:\/\/armstrongyregion.com.ar\/diario\/mansilla-celebro-resolucion-de-la-onu-que-reconoce-plataforma-maritima-argentina\/\" title=\"Read more\" >&#8230;<\/a><\/p>\n","protected":false},"author":2,"featured_media":6893,"comment_status":"open","ping_status":"open","sticky":false,"template":"","format":"standard","meta":{"_jetpack_memberships_contains_paid_content":false,"footnotes":"","jetpack_publicize_message":"","jetpack_publicize_feature_enabled":true,"jetpack_social_post_already_shared":false,"jetpack_social_options":{"image_generator_settings":{"template":"highway","default_image_id":0,"enabled":false},"version":2}},"categories":[1,7,3],"tags":[2040,19,991,3654,301],"class_list":["post-6892","post","type-post","status-publish","format-standard","has-post-thumbnail","hentry","category-diario-armstrong","category-politica","category-region","tag-celebro","tag-de","tag-mansilla","tag-onu","tag-resolucion"],"jetpack_publicize_connections":[],"jetpack_featured_media_url":"https:\/\/armstrongyregion.com.ar\/diario\/wp-content\/uploads\/2016\/03\/Diego-Mansilla-.jpg","jetpack_shortlink":"https:\/\/wp.me\/p62QDO-1Na","jetpack_sharing_enabled":true,"amp_enabled":true,"_links":{"self":[{"href":"https:\/\/armstrongyregion.com.ar\/diario\/wp-json\/wp\/v2\/posts\/6892","targetHints":{"allow":["GET"]}}],"collection":[{"href":"https:\/\/armstrongyregion.com.ar\/diario\/wp-json\/wp\/v2\/posts"}],"about":[{"href":"https:\/\/armstrongyregion.com.ar\/diario\/wp-json\/wp\/v2\/types\/post"}],"author":[{"embeddable":true,"href":"https:\/\/armstrongyregion.com.ar\/diario\/wp-json\/wp\/v2\/users\/2"}],"replies":[{"embeddable":true,"href":"https:\/\/armstrongyregion.com.ar\/diario\/wp-json\/wp\/v2\/comments?post=6892"}],"version-history":[{"count":0,"href":"https:\/\/armstrongyregion.com.ar\/diario\/wp-json\/wp\/v2\/posts\/6892\/revisions"}],"wp:featuredmedia":[{"embeddable":true,"href":"https:\/\/armstrongyregion.com.ar\/diario\/wp-json\/wp\/v2\/media\/6893"}],"wp:attachment":[{"href":"https:\/\/armstrongyregion.com.ar\/diario\/wp-json\/wp\/v2\/media?parent=6892"}],"wp:term":[{"taxonomy":"category","embeddable":true,"href":"https:\/\/armstrongyregion.com.ar\/diario\/wp-json\/wp\/v2\/categories?post=6892"},{"taxonomy":"post_tag","embeddable":true,"href":"https:\/\/armstrongyregion.com.ar\/diario\/wp-json\/wp\/v2\/tags?post=6892"}],"curies":[{"name":"wp","href":"https:\/\/api.w.org\/{rel}","templated":true}]}}