{"id":6888,"date":"2016-03-30T17:52:26","date_gmt":"2016-03-30T17:52:26","guid":{"rendered":"https:\/\/armstrongyregion.com.ar\/diario\/?p=6888"},"modified":"2016-03-30T18:00:29","modified_gmt":"2016-03-30T18:00:29","slug":"armstrong-intento-de-secuestro-de-un-nino-de-11-anos","status":"publish","type":"post","link":"https:\/\/armstrongyregion.com.ar\/diario\/armstrong-intento-de-secuestro-de-un-nino-de-11-anos\/","title":{"rendered":"Armstrong. Intento de secuestro de un ni\u00f1o de 11 a\u00f1os."},"content":{"rendered":"<p><a href=\"http:\/\/armstrongyregion.com.ar\/diario\/wp-content\/uploads\/2016\/03\/intento-secuestro.jpg\"><img loading=\"lazy\" decoding=\"async\" class=\"alignnone size-full wp-image-6889\" src=\"http:\/\/armstrongyregion.com.ar\/diario\/wp-content\/uploads\/2016\/03\/intento-secuestro.jpg\" alt=\"intento-secuestro\" width=\"960\" height=\"539\" srcset=\"https:\/\/armstrongyregion.com.ar\/diario\/wp-content\/uploads\/2016\/03\/intento-secuestro.jpg 960w, https:\/\/armstrongyregion.com.ar\/diario\/wp-content\/uploads\/2016\/03\/intento-secuestro-300x168.jpg 300w\" sizes=\"auto, (max-width: 960px) 100vw, 960px\" \/><\/a>De acuerdo a una denuncia radicada en la Comisar\u00eda Local, un ni\u00f1o de 11 a\u00f1os que sal\u00eda de la pr\u00e1ctica de futbol infantil del Club Defensores, y en momentos en que el menor regresaba a su hogar, fue abordado por personas que se movilizaban en un veh\u00edculo oscuro. Se tratar\u00eda de una camioneta Ford Eco Sport color negro, siendo las 19,30hs del lunes, en cercan\u00edas de la intersecci\u00f3n de Sanguinetti y California en zona sur.<\/p>\n<p>El Comisario Gustavo Saravia ratific\u00f3 que el hecho sucedi\u00f3 y dijo que Personal Policial sali\u00f3 r\u00e1pidamente en b\u00fasqueda del veh\u00edculo mencionado, con resultado negativo. El hecho caus\u00f3 mucha preocupaci\u00f3n en la comunidad ya que no hay antecedentes de casos similares en la ciudad.<\/p>\n<p>Afortunadamente el chiquito sali\u00f3 corriendo sin hacer caso al llamado de los individuos, quienes lo persiguieron y al no darle alcance, desistieron de la persecuci\u00f3n.<\/p>\n","protected":false},"excerpt":{"rendered":"<p>De acuerdo a una denuncia radicada en la Comisar\u00eda Local, un ni\u00f1o de 11 a\u00f1os que sal\u00eda de la pr\u00e1ctica de futbol infantil del Club Defensores, y en momentos en que el menor regresaba a su hogar, fue abordado por personas que se movilizaban en un veh\u00edculo oscuro. Se tratar\u00eda de una camioneta Ford Eco <a href=\"https:\/\/armstrongyregion.com.ar\/diario\/armstrong-intento-de-secuestro-de-un-nino-de-11-anos\/\" title=\"Read more\" >&#8230;<\/a><\/p>\n","protected":false},"author":2,"featured_media":6889,"comment_status":"open","ping_status":"open","sticky":false,"template":"","format":"standard","meta":{"_jetpack_memberships_contains_paid_content":false,"footnotes":"","jetpack_publicize_message":"","jetpack_publicize_feature_enabled":true,"jetpack_social_post_already_shared":false,"jetpack_social_options":{"image_generator_settings":{"template":"highway","default_image_id":0,"enabled":false},"version":2}},"categories":[1,2,2852],"tags":[726,197,20,19,3652,2502,3653,192],"class_list":["post-6888","post","type-post","status-publish","format-standard","has-post-thumbnail","hentry","category-diario-armstrong","category-locales","category-policiales","tag-726","tag-anos","tag-armstrong","tag-de","tag-intento","tag-nino","tag-secuestro","tag-un"],"jetpack_publicize_connections":[],"jetpack_featured_media_url":"https:\/\/armstrongyregion.com.ar\/diario\/wp-content\/uploads\/2016\/03\/intento-secuestro.jpg","jetpack_shortlink":"https:\/\/wp.me\/p62QDO-1N6","jetpack_sharing_enabled":true,"amp_enabled":true,"_links":{"self":[{"href":"https:\/\/armstrongyregion.com.ar\/diario\/wp-json\/wp\/v2\/posts\/6888","targetHints":{"allow":["GET"]}}],"collection":[{"href":"https:\/\/armstrongyregion.com.ar\/diario\/wp-json\/wp\/v2\/posts"}],"about":[{"href":"https:\/\/armstrongyregion.com.ar\/diario\/wp-json\/wp\/v2\/types\/post"}],"author":[{"embeddable":true,"href":"https:\/\/armstrongyregion.com.ar\/diario\/wp-json\/wp\/v2\/users\/2"}],"replies":[{"embeddable":true,"href":"https:\/\/armstrongyregion.com.ar\/diario\/wp-json\/wp\/v2\/comments?post=6888"}],"version-history":[{"count":0,"href":"https:\/\/armstrongyregion.com.ar\/diario\/wp-json\/wp\/v2\/posts\/6888\/revisions"}],"wp:featuredmedia":[{"embeddable":true,"href":"https:\/\/armstrongyregion.com.ar\/diario\/wp-json\/wp\/v2\/media\/6889"}],"wp:attachment":[{"href":"https:\/\/armstrongyregion.com.ar\/diario\/wp-json\/wp\/v2\/media?parent=6888"}],"wp:term":[{"taxonomy":"category","embeddable":true,"href":"https:\/\/armstrongyregion.com.ar\/diario\/wp-json\/wp\/v2\/categories?post=6888"},{"taxonomy":"post_tag","embeddable":true,"href":"https:\/\/armstrongyregion.com.ar\/diario\/wp-json\/wp\/v2\/tags?post=6888"}],"curies":[{"name":"wp","href":"https:\/\/api.w.org\/{rel}","templated":true}]}}