{"id":6885,"date":"2016-03-30T16:18:19","date_gmt":"2016-03-30T16:18:19","guid":{"rendered":"https:\/\/armstrongyregion.com.ar\/diario\/?p=6885"},"modified":"2016-03-30T16:18:19","modified_gmt":"2016-03-30T16:18:19","slug":"canada-de-gomez-el-municipio-realiza-refacciones-en-el-museo-historico","status":"publish","type":"post","link":"https:\/\/armstrongyregion.com.ar\/diario\/canada-de-gomez-el-municipio-realiza-refacciones-en-el-museo-historico\/","title":{"rendered":"Ca\u00f1ada de G\u00f3mez. El municipio realiza refacciones en el Museo Hist\u00f3rico."},"content":{"rendered":"<p><a href=\"http:\/\/armstrongyregion.com.ar\/diario\/wp-content\/uploads\/2016\/03\/Setella-Cl\u00e9rici-.jpg\"><img loading=\"lazy\" decoding=\"async\" class=\"alignnone size-full wp-image-6886\" src=\"http:\/\/armstrongyregion.com.ar\/diario\/wp-content\/uploads\/2016\/03\/Setella-Cl\u00e9rici-.jpg\" alt=\"Setella-Cl\u00e9rici-\" width=\"768\" height=\"512\" srcset=\"https:\/\/armstrongyregion.com.ar\/diario\/wp-content\/uploads\/2016\/03\/Setella-Cl\u00e9rici-.jpg 768w, https:\/\/armstrongyregion.com.ar\/diario\/wp-content\/uploads\/2016\/03\/Setella-Cl\u00e9rici--300x200.jpg 300w\" sizes=\"auto, (max-width: 768px) 100vw, 768px\" \/><\/a>Se llevan a cabo obras de remodelaci\u00f3n del techo de la galer\u00eda, reposici\u00f3n de tejas da\u00f1adas por uno de los temporales del mes pasado y<br \/>\ncambio del piso de la galer\u00eda y la entrada.<\/p>\n<p>La secretar\u00eda de Obras P\u00fablicas de la Municipalidad lleva adelante refacciones en el Museo Hist\u00f3rico Municipal, que incluyen obras de<br \/>\nremodelaci\u00f3n del techo de la galer\u00eda, reposici\u00f3n de tejas da\u00f1adas por uno de los temporales del mes pasado y cambio del piso de la galer\u00eda y<br \/>\nla entrada.<br \/>\nDe esta manera, con las tareas que se ejecutan se mejorar\u00e1n las instalaciones para albergar m\u00e1s c\u00f3modamente a los alumnos de las<br \/>\nescuelas que realizan sus recorridos habituales. Una vez terminadas las tareas se expondr\u00e1 un nuevo material fotogr\u00e1fico hist\u00f3rico, como parte<br \/>\nde la reanudaci\u00f3n de las actividades, incluyendo una muestra homenaje a Goritzia Piccinini y otra por el 40\u00ba aniversario del golpe c\u00edvico<br \/>\nmilitar de 1976.<\/p>\n","protected":false},"excerpt":{"rendered":"<p>Se llevan a cabo obras de remodelaci\u00f3n del techo de la galer\u00eda, reposici\u00f3n de tejas da\u00f1adas por uno de los temporales del mes pasado y cambio del piso de la galer\u00eda y la entrada. La secretar\u00eda de Obras P\u00fablicas de la Municipalidad lleva adelante refacciones en el Museo Hist\u00f3rico Municipal, que incluyen obras de remodelaci\u00f3n <a href=\"https:\/\/armstrongyregion.com.ar\/diario\/canada-de-gomez-el-municipio-realiza-refacciones-en-el-museo-historico\/\" title=\"Read more\" >&#8230;<\/a><\/p>\n","protected":false},"author":2,"featured_media":6886,"comment_status":"open","ping_status":"open","sticky":false,"template":"","format":"standard","meta":{"_jetpack_memberships_contains_paid_content":false,"footnotes":"","jetpack_publicize_message":"","jetpack_publicize_feature_enabled":true,"jetpack_social_post_already_shared":false,"jetpack_social_options":{"image_generator_settings":{"template":"highway","default_image_id":0,"enabled":false},"version":2}},"categories":[6,1,3],"tags":[163,19,164,2134,524,1361,3651],"class_list":["post-6885","post","type-post","status-publish","format-standard","has-post-thumbnail","hentry","category-cultura-entretenimiento","category-diario-armstrong","category-region","tag-canada","tag-de","tag-gomez","tag-historico","tag-municipal","tag-museo","tag-restauran"],"jetpack_publicize_connections":[],"jetpack_featured_media_url":"https:\/\/armstrongyregion.com.ar\/diario\/wp-content\/uploads\/2016\/03\/Setella-Cl\u00e9rici-.jpg","jetpack_shortlink":"https:\/\/wp.me\/p62QDO-1N3","jetpack_sharing_enabled":true,"amp_enabled":true,"_links":{"self":[{"href":"https:\/\/armstrongyregion.com.ar\/diario\/wp-json\/wp\/v2\/posts\/6885","targetHints":{"allow":["GET"]}}],"collection":[{"href":"https:\/\/armstrongyregion.com.ar\/diario\/wp-json\/wp\/v2\/posts"}],"about":[{"href":"https:\/\/armstrongyregion.com.ar\/diario\/wp-json\/wp\/v2\/types\/post"}],"author":[{"embeddable":true,"href":"https:\/\/armstrongyregion.com.ar\/diario\/wp-json\/wp\/v2\/users\/2"}],"replies":[{"embeddable":true,"href":"https:\/\/armstrongyregion.com.ar\/diario\/wp-json\/wp\/v2\/comments?post=6885"}],"version-history":[{"count":0,"href":"https:\/\/armstrongyregion.com.ar\/diario\/wp-json\/wp\/v2\/posts\/6885\/revisions"}],"wp:featuredmedia":[{"embeddable":true,"href":"https:\/\/armstrongyregion.com.ar\/diario\/wp-json\/wp\/v2\/media\/6886"}],"wp:attachment":[{"href":"https:\/\/armstrongyregion.com.ar\/diario\/wp-json\/wp\/v2\/media?parent=6885"}],"wp:term":[{"taxonomy":"category","embeddable":true,"href":"https:\/\/armstrongyregion.com.ar\/diario\/wp-json\/wp\/v2\/categories?post=6885"},{"taxonomy":"post_tag","embeddable":true,"href":"https:\/\/armstrongyregion.com.ar\/diario\/wp-json\/wp\/v2\/tags?post=6885"}],"curies":[{"name":"wp","href":"https:\/\/api.w.org\/{rel}","templated":true}]}}