{"id":6876,"date":"2016-03-30T15:57:40","date_gmt":"2016-03-30T15:57:40","guid":{"rendered":"https:\/\/armstrongyregion.com.ar\/diario\/?p=6876"},"modified":"2016-03-30T16:02:18","modified_gmt":"2016-03-30T16:02:18","slug":"el-gerente-de-la-cooperativa-llamo-a-conferencia-de-prensa","status":"publish","type":"post","link":"https:\/\/armstrongyregion.com.ar\/diario\/el-gerente-de-la-cooperativa-llamo-a-conferencia-de-prensa\/","title":{"rendered":"El Gerente de la Cooperativa llamo a Conferencia de Prensa."},"content":{"rendered":"<p><a href=\"http:\/\/armstrongyregion.com.ar\/diario\/wp-content\/uploads\/2016\/03\/Ing.-Airasca1.jpg\"><img loading=\"lazy\" decoding=\"async\" class=\"alignnone size-full wp-image-6877\" src=\"http:\/\/armstrongyregion.com.ar\/diario\/wp-content\/uploads\/2016\/03\/Ing.-Airasca1.jpg\" alt=\"Ing. Airasca\" width=\"3017\" height=\"2027\" srcset=\"https:\/\/armstrongyregion.com.ar\/diario\/wp-content\/uploads\/2016\/03\/Ing.-Airasca1.jpg 3017w, https:\/\/armstrongyregion.com.ar\/diario\/wp-content\/uploads\/2016\/03\/Ing.-Airasca1-300x202.jpg 300w, https:\/\/armstrongyregion.com.ar\/diario\/wp-content\/uploads\/2016\/03\/Ing.-Airasca1-1024x688.jpg 1024w\" sizes=\"auto, (max-width: 3017px) 100vw, 3017px\" \/><\/a>El Ing. Ricardo Airasca en contacto con los medios de la ciudad hizo referencia al aumento de la tarifa de la energ\u00eda el\u00e9ctrica en Armstrong.<br \/>\nTambi\u00e9n aclar\u00f3 que los elevados aumentos en la tarifa de agua que se anuncian en canales porte\u00f1os no son para la provincia de Santa Fe.<\/p>\n<p>Audio Ing. Ricardo Airasca.<\/p>\n<!--[if lt IE 9]><script>document.createElement('audio');<\/script><![endif]-->\n<audio class=\"wp-audio-shortcode\" id=\"audio-6876-1\" preload=\"none\" style=\"width: 100%;\" controls=\"controls\"><source type=\"audio\/mpeg\" src=\"http:\/\/armstrongyregion.com.ar\/diario\/wp-content\/uploads\/2016\/03\/DVT_D062.mp3?_=1\" \/><a href=\"http:\/\/armstrongyregion.com.ar\/diario\/wp-content\/uploads\/2016\/03\/DVT_D062.mp3\">http:\/\/armstrongyregion.com.ar\/diario\/wp-content\/uploads\/2016\/03\/DVT_D062.mp3<\/a><\/audio>\n<p>&nbsp;<\/p>\n","protected":false},"excerpt":{"rendered":"<p>El Ing. Ricardo Airasca en contacto con los medios de la ciudad hizo referencia al aumento de la tarifa de la energ\u00eda el\u00e9ctrica en Armstrong. Tambi\u00e9n aclar\u00f3 que los elevados aumentos en la tarifa de agua que se anuncian en canales porte\u00f1os no son para la provincia de Santa Fe. Audio Ing. Ricardo Airasca. &nbsp;<\/p>\n","protected":false},"author":2,"featured_media":6877,"comment_status":"open","ping_status":"open","sticky":false,"template":"","format":"standard","meta":{"_jetpack_memberships_contains_paid_content":false,"footnotes":"","jetpack_publicize_message":"","jetpack_publicize_feature_enabled":true,"jetpack_social_post_already_shared":false,"jetpack_social_options":{"image_generator_settings":{"template":"highway","default_image_id":0,"enabled":false},"version":2}},"categories":[1,2],"tags":[33,2286,1887,19,3648,963],"class_list":["post-6876","post","type-post","status-publish","format-standard","has-post-thumbnail","hentry","category-diario-armstrong","category-locales","tag-a","tag-airasca","tag-conferencia","tag-de","tag-llamo","tag-prensa"],"jetpack_publicize_connections":[],"jetpack_featured_media_url":"https:\/\/armstrongyregion.com.ar\/diario\/wp-content\/uploads\/2016\/03\/Ing.-Airasca1.jpg","jetpack_shortlink":"https:\/\/wp.me\/p62QDO-1MU","jetpack_sharing_enabled":true,"amp_enabled":true,"_links":{"self":[{"href":"https:\/\/armstrongyregion.com.ar\/diario\/wp-json\/wp\/v2\/posts\/6876","targetHints":{"allow":["GET"]}}],"collection":[{"href":"https:\/\/armstrongyregion.com.ar\/diario\/wp-json\/wp\/v2\/posts"}],"about":[{"href":"https:\/\/armstrongyregion.com.ar\/diario\/wp-json\/wp\/v2\/types\/post"}],"author":[{"embeddable":true,"href":"https:\/\/armstrongyregion.com.ar\/diario\/wp-json\/wp\/v2\/users\/2"}],"replies":[{"embeddable":true,"href":"https:\/\/armstrongyregion.com.ar\/diario\/wp-json\/wp\/v2\/comments?post=6876"}],"version-history":[{"count":0,"href":"https:\/\/armstrongyregion.com.ar\/diario\/wp-json\/wp\/v2\/posts\/6876\/revisions"}],"wp:featuredmedia":[{"embeddable":true,"href":"https:\/\/armstrongyregion.com.ar\/diario\/wp-json\/wp\/v2\/media\/6877"}],"wp:attachment":[{"href":"https:\/\/armstrongyregion.com.ar\/diario\/wp-json\/wp\/v2\/media?parent=6876"}],"wp:term":[{"taxonomy":"category","embeddable":true,"href":"https:\/\/armstrongyregion.com.ar\/diario\/wp-json\/wp\/v2\/categories?post=6876"},{"taxonomy":"post_tag","embeddable":true,"href":"https:\/\/armstrongyregion.com.ar\/diario\/wp-json\/wp\/v2\/tags?post=6876"}],"curies":[{"name":"wp","href":"https:\/\/api.w.org\/{rel}","templated":true}]}}