{"id":6873,"date":"2016-03-30T12:46:16","date_gmt":"2016-03-30T12:46:16","guid":{"rendered":"https:\/\/armstrongyregion.com.ar\/diario\/?p=6873"},"modified":"2016-03-30T12:46:16","modified_gmt":"2016-03-30T12:46:16","slug":"armstrong-invitacion-acto-2-de-abril-de-2016","status":"publish","type":"post","link":"https:\/\/armstrongyregion.com.ar\/diario\/armstrong-invitacion-acto-2-de-abril-de-2016\/","title":{"rendered":"Armstrong. Invitaci\u00f3n acto 2 de abril de 2016."},"content":{"rendered":"<p><a href=\"http:\/\/armstrongyregion.com.ar\/diario\/wp-content\/uploads\/2016\/03\/placa2abril2016.jpg\"><img loading=\"lazy\" decoding=\"async\" class=\"alignnone size-full wp-image-6874\" src=\"http:\/\/armstrongyregion.com.ar\/diario\/wp-content\/uploads\/2016\/03\/placa2abril2016.jpg\" alt=\"placa2abril2016\" width=\"768\" height=\"517\" srcset=\"https:\/\/armstrongyregion.com.ar\/diario\/wp-content\/uploads\/2016\/03\/placa2abril2016.jpg 768w, https:\/\/armstrongyregion.com.ar\/diario\/wp-content\/uploads\/2016\/03\/placa2abril2016-300x202.jpg 300w\" sizes=\"auto, (max-width: 768px) 100vw, 768px\" \/><\/a>La Municipalidad de Armstrong invita a toda la comunidad a participar de las actividades previstas para el s\u00e1bado 2 de abril, en conmemoraci\u00f3n al D\u00eda del Veterano y de los Ca\u00eddos en la Guerra de Malvinas.<br \/>\n18 hs. Acto en Plaza Claudio Giaretti<br \/>\n19 hs. Apertura de la muestra permanente \u201cMalvinas\u201d, en el Museo Hist\u00f3rico Municipal.<\/p>\n<p>La tem\u00e1tica de la muestra es muy sensible a la historia de Argentina, y de Armstrong particularmente, ya que un hijo de nuestra ciudad muri\u00f3 en aquella guerra, esta muestra quiere mantener presente en la memoria de todos el significado y de lo innecesario de una guerra, que la fuerza nunca conduce a nada y que en una guerra todos pierden, pero este relato, si bien tiene cierta rigurosidad hist\u00f3rica, es el relato de soldados que estuvieron luchando en las Islas, y como, cada uno desde su perspectiva vivi\u00f3 y vio aquellos momentos.<\/p>\n<p>Las im\u00e1genes fueron sacadas de distintos documentos hist\u00f3ricos, los objetos fueron donados por diferentes ex combatientes y por personas muy llegados a diferentes instituciones que recuerdan permanentemente esta guerra y los testimonios son de ex combatientes de nuestra ciudad y de ciudades vecinas.<\/p>\n<p>La guerra de Malvinas quedara para siempre en nuestra memoria, y en el MHM un espacio f\u00edsico que lo recordar\u00e1.<\/p>\n","protected":false},"excerpt":{"rendered":"<p>La Municipalidad de Armstrong invita a toda la comunidad a participar de las actividades previstas para el s\u00e1bado 2 de abril, en conmemoraci\u00f3n al D\u00eda del Veterano y de los Ca\u00eddos en la Guerra de Malvinas. 18 hs. Acto en Plaza Claudio Giaretti 19 hs. Apertura de la muestra permanente \u201cMalvinas\u201d, en el Museo Hist\u00f3rico <a href=\"https:\/\/armstrongyregion.com.ar\/diario\/armstrong-invitacion-acto-2-de-abril-de-2016\/\" title=\"Read more\" >&#8230;<\/a><\/p>\n","protected":false},"author":2,"featured_media":6874,"comment_status":"open","ping_status":"open","sticky":false,"template":"","format":"standard","meta":{"_jetpack_memberships_contains_paid_content":false,"footnotes":"","jetpack_publicize_message":"","jetpack_publicize_feature_enabled":true,"jetpack_social_post_already_shared":false,"jetpack_social_options":{"image_generator_settings":{"template":"highway","default_image_id":0,"enabled":false},"version":2}},"categories":[6,1,2],"tags":[1313,1314,1212,19,793,616],"class_list":["post-6873","post","type-post","status-publish","format-standard","has-post-thumbnail","hentry","category-cultura-entretenimiento","category-diario-armstrong","category-locales","tag-1313","tag-abril","tag-acto","tag-de","tag-dia","tag-invitacion"],"jetpack_publicize_connections":[],"jetpack_featured_media_url":"https:\/\/armstrongyregion.com.ar\/diario\/wp-content\/uploads\/2016\/03\/placa2abril2016.jpg","jetpack_shortlink":"https:\/\/wp.me\/p62QDO-1MR","jetpack_sharing_enabled":true,"amp_enabled":true,"_links":{"self":[{"href":"https:\/\/armstrongyregion.com.ar\/diario\/wp-json\/wp\/v2\/posts\/6873","targetHints":{"allow":["GET"]}}],"collection":[{"href":"https:\/\/armstrongyregion.com.ar\/diario\/wp-json\/wp\/v2\/posts"}],"about":[{"href":"https:\/\/armstrongyregion.com.ar\/diario\/wp-json\/wp\/v2\/types\/post"}],"author":[{"embeddable":true,"href":"https:\/\/armstrongyregion.com.ar\/diario\/wp-json\/wp\/v2\/users\/2"}],"replies":[{"embeddable":true,"href":"https:\/\/armstrongyregion.com.ar\/diario\/wp-json\/wp\/v2\/comments?post=6873"}],"version-history":[{"count":0,"href":"https:\/\/armstrongyregion.com.ar\/diario\/wp-json\/wp\/v2\/posts\/6873\/revisions"}],"wp:featuredmedia":[{"embeddable":true,"href":"https:\/\/armstrongyregion.com.ar\/diario\/wp-json\/wp\/v2\/media\/6874"}],"wp:attachment":[{"href":"https:\/\/armstrongyregion.com.ar\/diario\/wp-json\/wp\/v2\/media?parent=6873"}],"wp:term":[{"taxonomy":"category","embeddable":true,"href":"https:\/\/armstrongyregion.com.ar\/diario\/wp-json\/wp\/v2\/categories?post=6873"},{"taxonomy":"post_tag","embeddable":true,"href":"https:\/\/armstrongyregion.com.ar\/diario\/wp-json\/wp\/v2\/tags?post=6873"}],"curies":[{"name":"wp","href":"https:\/\/api.w.org\/{rel}","templated":true}]}}