{"id":6869,"date":"2016-03-29T16:56:29","date_gmt":"2016-03-29T16:56:29","guid":{"rendered":"https:\/\/armstrongyregion.com.ar\/diario\/?p=6869"},"modified":"2016-03-29T16:58:36","modified_gmt":"2016-03-29T16:58:36","slug":"armstrong-orde-del-dia-29-de-marzo","status":"publish","type":"post","link":"https:\/\/armstrongyregion.com.ar\/diario\/armstrong-orde-del-dia-29-de-marzo\/","title":{"rendered":"Armstrong. Orden del D\u00eda 29 de marzo."},"content":{"rendered":"<p><a href=\"http:\/\/armstrongyregion.com.ar\/diario\/wp-content\/uploads\/2016\/03\/12803147_1009247809155966_5883034628823719860_n2.jpg\"><img loading=\"lazy\" decoding=\"async\" class=\"alignnone size-full wp-image-6870\" src=\"http:\/\/armstrongyregion.com.ar\/diario\/wp-content\/uploads\/2016\/03\/12803147_1009247809155966_5883034628823719860_n2.jpg\" alt=\"concejo-deliberante-60_n\" width=\"960\" height=\"539\" srcset=\"https:\/\/armstrongyregion.com.ar\/diario\/wp-content\/uploads\/2016\/03\/12803147_1009247809155966_5883034628823719860_n2.jpg 960w, https:\/\/armstrongyregion.com.ar\/diario\/wp-content\/uploads\/2016\/03\/12803147_1009247809155966_5883034628823719860_n2-300x168.jpg 300w\" sizes=\"auto, (max-width: 960px) 100vw, 960px\" \/><\/a>1- ACTA SESI\u00d3N N\u00ba 888.<\/p>\n<p>2- MENSAJES DEL D.E.:<\/p>\n<p>A- INVITACI\u00d3N AL ACTO POR EL D\u00cdA DE LA MEMORIA, EN PLAZA P\u00c9REZ ESQUIVEL.<br \/>\nB- INVITACI\u00d3N AL ACTO POR EL D\u00cdA DEL VETERANO Y LOS CA\u00cdDOS EN LA GUERRA DE MALVINAS, EN PLAZA CLAUDIO GIARETTI.<\/p>\n<p>3- CORRESPONDENCIAS:<\/p>\n<p>A- RECLAMO DE VECINOS POR LA INSTALACI\u00d3N DE UNA PLANTA DE FABRICACI\u00d3N DE HORMIG\u00d3N EN LA CIUDAD.<br \/>\nB- CENTRO COMERCIAL, INDUSTRIAL Y RURAL DE ARMSTRONG: ESTACIONAMIENTO FRENTE A COMERCIOS.<\/p>\n<p>4- DICTAMENES DE COMISIONES:<\/p>\n<p>5- PROYECTOS DE CONCEJALES:<\/p>\n<p>A- BLOQUE DE FRENTE PROGRESISTA, C\u00cdVICO Y SOCIAL:<\/p>\n<p>1- MD.: ANIVERSARIO DEL FALLECIMIENTO DEL DR. RA\u00daL ALFONS\u00cdN.<br \/>\n2- MC.: RECORDATORIO PARA PERSONAS Y FECHAS QUE HICIERON LA HISTORIA DE NUESTRA CIUDAD.<\/p>\n<p>B- BLOQUE DE RENOVACI\u00d3N POR ARMSTRONG:<\/p>\n<p>3- MC.: RETIRO DE VEH\u00cdCULOS CHOCADOS QUE SE ENCUENTRAN EN LAS INMEDIACIONES DE LA SEDE POLICIAL.<br \/>\n4- MC.: NIVELACI\u00d3N Y REPARACI\u00d3N DE LA CALLE BERGARA.<\/p>\n<p>C- BLOQUE DE LA GRAN ARGENTINA \u2013 PARTIDO JUSTICIALISTA:<\/p>\n<p>5- MC.: ACONDICIONAMIENTO DE CALLE CALIFORNIA ENTRE EL ALGARROBO Y CUFFIA.<br \/>\n6- MC.: CONTROL DE VENTA AMBULANTE.<br \/>\n7- MC.: LUMINARIAS EN CALLE BARRIOS.<\/p>\n<p>D- BLOQUE DE FRENTE JUSTICIALISTA PARA LA VICTORIA:<\/p>\n<p>8- MC.: LIMPIEZA DE LAS CALLES DE LA CIUDAD.<br \/>\n9- MC.: RECONSTRUCCI\u00d3N DE VEREDA EN CALLE FISCHER, ENTRE PTE. PER\u00d3N Y V\u00cdAS F\u00c9RREAS.<\/p>\n<p>E- CONCEJO:<\/p>\n<p>10- MD.: D\u00cdA DEL VETERANO Y LOS CA\u00cdDOS EN LA GUERRA DE MALVINAS.<br \/>\n11- RES.: INVITACI\u00d3N AL GERENTE DE LA COOPERATIVA DE PROVISI\u00d3N, POR AUMENTO DE TARIFA DE ENERG\u00cdA EL\u00c9CTRICA.<\/p>\n<p>INICIO A LAS 20:00 HORAS.-<\/p>\n","protected":false},"excerpt":{"rendered":"<p>1- ACTA SESI\u00d3N N\u00ba 888. 2- MENSAJES DEL D.E.: A- INVITACI\u00d3N AL ACTO POR EL D\u00cdA DE LA MEMORIA, EN PLAZA P\u00c9REZ ESQUIVEL. B- INVITACI\u00d3N AL ACTO POR EL D\u00cdA DEL VETERANO Y LOS CA\u00cdDOS EN LA GUERRA DE MALVINAS, EN PLAZA CLAUDIO GIARETTI. 3- CORRESPONDENCIAS: A- RECLAMO DE VECINOS POR LA INSTALACI\u00d3N DE UNA <a href=\"https:\/\/armstrongyregion.com.ar\/diario\/armstrong-orde-del-dia-29-de-marzo\/\" title=\"Read more\" >&#8230;<\/a><\/p>\n","protected":false},"author":2,"featured_media":6870,"comment_status":"open","ping_status":"open","sticky":false,"template":"","format":"standard","meta":{"_jetpack_memberships_contains_paid_content":false,"footnotes":"","jetpack_publicize_message":"","jetpack_publicize_feature_enabled":true,"jetpack_social_post_already_shared":false,"jetpack_social_options":{"image_generator_settings":{"template":"highway","default_image_id":0,"enabled":false},"version":2}},"categories":[8,1,2,7],"tags":[1575,19,53,793,949,1570],"class_list":["post-6869","post","type-post","status-publish","format-standard","has-post-thumbnail","hentry","category-deliberando","category-diario-armstrong","category-locales","category-politica","tag-1575","tag-de","tag-del","tag-dia","tag-marzo","tag-orden"],"jetpack_publicize_connections":[],"jetpack_featured_media_url":"https:\/\/armstrongyregion.com.ar\/diario\/wp-content\/uploads\/2016\/03\/12803147_1009247809155966_5883034628823719860_n2.jpg","jetpack_shortlink":"https:\/\/wp.me\/p62QDO-1MN","jetpack_sharing_enabled":true,"amp_enabled":true,"_links":{"self":[{"href":"https:\/\/armstrongyregion.com.ar\/diario\/wp-json\/wp\/v2\/posts\/6869","targetHints":{"allow":["GET"]}}],"collection":[{"href":"https:\/\/armstrongyregion.com.ar\/diario\/wp-json\/wp\/v2\/posts"}],"about":[{"href":"https:\/\/armstrongyregion.com.ar\/diario\/wp-json\/wp\/v2\/types\/post"}],"author":[{"embeddable":true,"href":"https:\/\/armstrongyregion.com.ar\/diario\/wp-json\/wp\/v2\/users\/2"}],"replies":[{"embeddable":true,"href":"https:\/\/armstrongyregion.com.ar\/diario\/wp-json\/wp\/v2\/comments?post=6869"}],"version-history":[{"count":0,"href":"https:\/\/armstrongyregion.com.ar\/diario\/wp-json\/wp\/v2\/posts\/6869\/revisions"}],"wp:featuredmedia":[{"embeddable":true,"href":"https:\/\/armstrongyregion.com.ar\/diario\/wp-json\/wp\/v2\/media\/6870"}],"wp:attachment":[{"href":"https:\/\/armstrongyregion.com.ar\/diario\/wp-json\/wp\/v2\/media?parent=6869"}],"wp:term":[{"taxonomy":"category","embeddable":true,"href":"https:\/\/armstrongyregion.com.ar\/diario\/wp-json\/wp\/v2\/categories?post=6869"},{"taxonomy":"post_tag","embeddable":true,"href":"https:\/\/armstrongyregion.com.ar\/diario\/wp-json\/wp\/v2\/tags?post=6869"}],"curies":[{"name":"wp","href":"https:\/\/api.w.org\/{rel}","templated":true}]}}