{"id":6845,"date":"2016-03-29T12:35:06","date_gmt":"2016-03-29T12:35:06","guid":{"rendered":"https:\/\/armstrongyregion.com.ar\/diario\/?p=6845"},"modified":"2016-03-29T12:35:06","modified_gmt":"2016-03-29T12:35:06","slug":"habilitaron-el-puente-de-ruta-9-y-el-rio-carcarana","status":"publish","type":"post","link":"https:\/\/armstrongyregion.com.ar\/diario\/habilitaron-el-puente-de-ruta-9-y-el-rio-carcarana\/","title":{"rendered":"Habilitaron el puente de ruta 9 y el rio Carcara\u00f1\u00e1."},"content":{"rendered":"<p><a href=\"http:\/\/armstrongyregion.com.ar\/diario\/wp-content\/uploads\/2016\/03\/puente-carcarana-28marzo.jpg\"><img loading=\"lazy\" decoding=\"async\" class=\"alignnone size-full wp-image-6846\" src=\"http:\/\/armstrongyregion.com.ar\/diario\/wp-content\/uploads\/2016\/03\/puente-carcarana-28marzo.jpg\" alt=\"puente-carcarana-28marzo\" width=\"768\" height=\"452\" srcset=\"https:\/\/armstrongyregion.com.ar\/diario\/wp-content\/uploads\/2016\/03\/puente-carcarana-28marzo.jpg 768w, https:\/\/armstrongyregion.com.ar\/diario\/wp-content\/uploads\/2016\/03\/puente-carcarana-28marzo-300x177.jpg 300w\" sizes=\"auto, (max-width: 768px) 100vw, 768px\" \/><\/a>Vialidad Nacional informa que a partir de la ma\u00f1ana de \u00e9ste lunes 28 queda habilitado para todo tipo de transporte el tr\u00e1nsito sobre el Puente de Ruta 9 y el R\u00edo Carcara\u00f1\u00e1.<br \/>\nEl Ministerio de Transporte de la Naci\u00f3n, por intermedio de la Direcci\u00f3n Nacional de Vialidad, informa que fue habilitado sin restricciones el tr\u00e1nsito sobre el puente de la Ruta Nacional N\u00b0 1V09 (Ex 9) en el r\u00edo Carcara\u00f1\u00e1.<\/p>\n<p>Luego de los estudios y batimetr\u00edas realizadas ayer por la ma\u00f1ana por personal especializado del 7\u00b0 Distrito Santa Fe de Vialidad Nacional se logr\u00f3 comprobar la estabilidad de la estructura para permitir el paso de todo tipo de veh\u00edculos.<\/p>\n<p>Comunicado de la Municipalidad de Carcara\u00f1\u00e1<\/p>\n<p>Vialidad Nacional autoriz\u00f3 la HABILITACI\u00d3N DEFINITIVA para el tr\u00e1nsito sobre el Puente de Ruta 9.<\/p>\n<p>As\u00ed, desde las 14 Hs. se realizar\u00e1n tareas de limpieza del material de arrastre que generaban presi\u00f3n sobre el puente, para posteriormente, proceder a la HABILITACI\u00d3N DEFINITIVA del paso a veh\u00edculos, a partir de las 18 Hs.<\/p>\n<p>De este modo se recupera la transitabilidad entre Carcara\u00f1\u00e1 y Correa, por esta ruta paralela a la Autopista Rosario-C\u00f3rdoba (RN N\u00b09).<\/p>\n<p>Vialidad Nacional<\/p>\n<p>M\u00e1s all\u00e1 de esta habilitaci\u00f3n, Vialidad Nacional continuar\u00e1 con el monitoreo de la situaci\u00f3n del r\u00edo Carcara\u00f1\u00e1 y del propio puente puesto en servicio.<\/p>\n<p>Con todo, fueron levantados los desv\u00edos que estaban en las localidades de Correa y Carcara\u00f1\u00e1. M\u00e1s all\u00e1 de esta habilitaci\u00f3n, se solicita a los conductores extremar las precauciones al transitar por el lugar, y respectar las velocidades m\u00e1ximas indicadas.<br \/>\nFuente: Carca Web<\/p>\n","protected":false},"excerpt":{"rendered":"<p>Vialidad Nacional informa que a partir de la ma\u00f1ana de \u00e9ste lunes 28 queda habilitado para todo tipo de transporte el tr\u00e1nsito sobre el Puente de Ruta 9 y el R\u00edo Carcara\u00f1\u00e1. El Ministerio de Transporte de la Naci\u00f3n, por intermedio de la Direcci\u00f3n Nacional de Vialidad, informa que fue habilitado sin restricciones el tr\u00e1nsito <a href=\"https:\/\/armstrongyregion.com.ar\/diario\/habilitaron-el-puente-de-ruta-9-y-el-rio-carcarana\/\" title=\"Read more\" >&#8230;<\/a><\/p>\n","protected":false},"author":2,"featured_media":6846,"comment_status":"open","ping_status":"open","sticky":false,"template":"","format":"standard","meta":{"_jetpack_memberships_contains_paid_content":false,"footnotes":"","jetpack_publicize_message":"","jetpack_publicize_feature_enabled":true,"jetpack_social_post_already_shared":false,"jetpack_social_options":{"image_generator_settings":{"template":"highway","default_image_id":0,"enabled":false},"version":2}},"categories":[1,2,3],"tags":[485,354,19,3133,3645,484,13],"class_list":["post-6845","post","type-post","status-publish","format-standard","has-post-thumbnail","hentry","category-diario-armstrong","category-locales","category-region","tag-485","tag-carcarana","tag-de","tag-habilitaron","tag-puente","tag-ruta","tag-y"],"jetpack_publicize_connections":[],"jetpack_featured_media_url":"https:\/\/armstrongyregion.com.ar\/diario\/wp-content\/uploads\/2016\/03\/puente-carcarana-28marzo.jpg","jetpack_shortlink":"https:\/\/wp.me\/p62QDO-1Mp","jetpack_sharing_enabled":true,"amp_enabled":true,"_links":{"self":[{"href":"https:\/\/armstrongyregion.com.ar\/diario\/wp-json\/wp\/v2\/posts\/6845","targetHints":{"allow":["GET"]}}],"collection":[{"href":"https:\/\/armstrongyregion.com.ar\/diario\/wp-json\/wp\/v2\/posts"}],"about":[{"href":"https:\/\/armstrongyregion.com.ar\/diario\/wp-json\/wp\/v2\/types\/post"}],"author":[{"embeddable":true,"href":"https:\/\/armstrongyregion.com.ar\/diario\/wp-json\/wp\/v2\/users\/2"}],"replies":[{"embeddable":true,"href":"https:\/\/armstrongyregion.com.ar\/diario\/wp-json\/wp\/v2\/comments?post=6845"}],"version-history":[{"count":0,"href":"https:\/\/armstrongyregion.com.ar\/diario\/wp-json\/wp\/v2\/posts\/6845\/revisions"}],"wp:featuredmedia":[{"embeddable":true,"href":"https:\/\/armstrongyregion.com.ar\/diario\/wp-json\/wp\/v2\/media\/6846"}],"wp:attachment":[{"href":"https:\/\/armstrongyregion.com.ar\/diario\/wp-json\/wp\/v2\/media?parent=6845"}],"wp:term":[{"taxonomy":"category","embeddable":true,"href":"https:\/\/armstrongyregion.com.ar\/diario\/wp-json\/wp\/v2\/categories?post=6845"},{"taxonomy":"post_tag","embeddable":true,"href":"https:\/\/armstrongyregion.com.ar\/diario\/wp-json\/wp\/v2\/tags?post=6845"}],"curies":[{"name":"wp","href":"https:\/\/api.w.org\/{rel}","templated":true}]}}