{"id":6842,"date":"2016-03-29T12:31:29","date_gmt":"2016-03-29T12:31:29","guid":{"rendered":"https:\/\/armstrongyregion.com.ar\/diario\/?p=6842"},"modified":"2016-03-29T12:31:29","modified_gmt":"2016-03-29T12:31:29","slug":"los-docentes-de-la-unr-comienzan-hoy-un-paro-de-48-horas","status":"publish","type":"post","link":"https:\/\/armstrongyregion.com.ar\/diario\/los-docentes-de-la-unr-comienzan-hoy-un-paro-de-48-horas\/","title":{"rendered":"Los docentes de la UNR comienzan hoy un paro de 48 horas."},"content":{"rendered":"<p><a href=\"http:\/\/armstrongyregion.com.ar\/diario\/wp-content\/uploads\/2016\/03\/coad1.jpg_88717827.jpg\"><img loading=\"lazy\" decoding=\"async\" class=\"alignnone size-full wp-image-6843\" src=\"http:\/\/armstrongyregion.com.ar\/diario\/wp-content\/uploads\/2016\/03\/coad1.jpg_88717827.jpg\" alt=\"coad1.jpg_88717827\" width=\"621\" height=\"465\" srcset=\"https:\/\/armstrongyregion.com.ar\/diario\/wp-content\/uploads\/2016\/03\/coad1.jpg_88717827.jpg 621w, https:\/\/armstrongyregion.com.ar\/diario\/wp-content\/uploads\/2016\/03\/coad1.jpg_88717827-300x225.jpg 300w\" sizes=\"auto, (max-width: 621px) 100vw, 621px\" \/><\/a>La secretaria general de Coad, Laura Ferrer Varela, confirm\u00f3 ayer el paro de actividades en las escuelas medias y facultades que dependen de la UNR. Esta tarde arranca la negociaci\u00f3n salarial.<\/p>\n<p>Los docentes de la Universidad Nacional de Rosario (UNR) comenzar\u00e1n hoy un paro de 48 horas. Ser\u00e1 en cumplimiento de la segunda medida de fuerza decretada por la Asociaci\u00f3n Gremial de Docentes e Investigadores (Coad) en reclamo de la apertura de paritarias. Desde la Secretar\u00eda de Pol\u00edticas Universitarias se convoc\u00f3 para esta tarde a las federaciones nacionales a una primera reuni\u00f3n para discutir salarios.<\/p>\n<p>La secretaria general de Coad, Laura Ferrer Varela, confirm\u00f3 ayer el paro de actividades en las escuelas medias y facultades que dependen de la UNR.<\/p>\n<p>La medida de fuerza se sentir\u00e1 a pleno en las aulas del Superior de Comercio, el Polit\u00e9cnico General San Mart\u00edn y la Agrot\u00e9cnica de Casilda, tal como sucedi\u00f3 en el paro del pasado 16 y 17 de marzo.<\/p>\n<p>En las 12 facultades, se espera una adhesi\u00f3n dispar: con poca actividad en Psicolog\u00eda, Humanidades y Pol\u00edticas, por ejemplo, y otras donde no todos las c\u00e1tedras se suman a la medida de fuerza, como sucede generalmente en Derecho, Odontolog\u00eda o Ciencias Econ\u00f3micas.<\/p>\n<p>El plan de lucha, votado a principios de marzo, se concretar\u00e1 a pesar de que la Secretar\u00eda de Pol\u00edticas Universitarias convoc\u00f3 a mesa de negociaci\u00f3n salarial para esta tarde, a las 18.<\/p>\n<p>Desde la Coad se\u00f1alaron que el llamado lleg\u00f3 tarde. \u00abEs un primera convocatoria para escuchar las demandas de los gremios. A esta altura ya deber\u00edamos tener una propuesta concreta de incremento salarial que podamos evaluar\u00bb, explic\u00f3 Ferrer Varela.<\/p>\n<p>La gremialista destac\u00f3 que el paro est\u00e1 convocado por la 2 federaciones universitarias y confi\u00f3 en que lograr\u00e1 un alto acatamiento, tal como sucedi\u00f3 hace 2 semanas.<\/p>\n<p>En paralelo, el gremio tendr\u00e1 una asamblea a partir de las 18, donde se evaluar\u00e1 el plan de acci\u00f3n que se implementar\u00e1 en las pr\u00f3ximas semanas.<\/p>\n<p>Carpa de la docencia. En el marco de la medida de fuerza, las dos federaciones de docentes universitarios, Conadu y Conadu Hist\u00f3rica, instalar\u00e1n ma\u00f1ana una carpa frente a la sede del Ministerio de Educaci\u00f3n en la ciudad de Buenos Aires.<\/p>\n<p>En el texto de la convocatoria, se advierte sobre las consecuencias de la inflaci\u00f3n, la devaluaci\u00f3n, las modificaciones en ganancias y el incremento de tarifas imprimen en el salario de los universitarios.<\/p>\n<p>\u00abEn este escenario, la ausencia de un incremento salarial a los m\u00e1s de 150.000 docentes universitarios y preuniversitarios, genera la necesidad de acciones gremiales para alcanzar una inmediata recomposici\u00f3n del poder adquisitivo\u00bb, apunta el comunicado conjunto de ambas federaciones.<br \/>\nFuente: La Capital.<\/p>\n","protected":false},"excerpt":{"rendered":"<p>La secretaria general de Coad, Laura Ferrer Varela, confirm\u00f3 ayer el paro de actividades en las escuelas medias y facultades que dependen de la UNR. Esta tarde arranca la negociaci\u00f3n salarial. Los docentes de la Universidad Nacional de Rosario (UNR) comenzar\u00e1n hoy un paro de 48 horas. Ser\u00e1 en cumplimiento de la segunda medida de <a href=\"https:\/\/armstrongyregion.com.ar\/diario\/los-docentes-de-la-unr-comienzan-hoy-un-paro-de-48-horas\/\" title=\"Read more\" >&#8230;<\/a><\/p>\n","protected":false},"author":2,"featured_media":6843,"comment_status":"open","ping_status":"open","sticky":false,"template":"","format":"standard","meta":{"_jetpack_memberships_contains_paid_content":false,"footnotes":"","jetpack_publicize_message":"","jetpack_publicize_feature_enabled":true,"jetpack_social_post_already_shared":false,"jetpack_social_options":{"image_generator_settings":{"template":"highway","default_image_id":0,"enabled":false},"version":2}},"categories":[6,1,2,3],"tags":[3644,840,19,2635,782,1026,60,2279],"class_list":["post-6842","post","type-post","status-publish","format-standard","has-post-thumbnail","hentry","category-cultura-entretenimiento","category-diario-armstrong","category-locales","category-region","tag-3644","tag-comienzan","tag-de","tag-docentes","tag-horas","tag-paro","tag-por","tag-unr"],"jetpack_publicize_connections":[],"jetpack_featured_media_url":"https:\/\/armstrongyregion.com.ar\/diario\/wp-content\/uploads\/2016\/03\/coad1.jpg_88717827.jpg","jetpack_shortlink":"https:\/\/wp.me\/p62QDO-1Mm","jetpack_sharing_enabled":true,"amp_enabled":true,"_links":{"self":[{"href":"https:\/\/armstrongyregion.com.ar\/diario\/wp-json\/wp\/v2\/posts\/6842","targetHints":{"allow":["GET"]}}],"collection":[{"href":"https:\/\/armstrongyregion.com.ar\/diario\/wp-json\/wp\/v2\/posts"}],"about":[{"href":"https:\/\/armstrongyregion.com.ar\/diario\/wp-json\/wp\/v2\/types\/post"}],"author":[{"embeddable":true,"href":"https:\/\/armstrongyregion.com.ar\/diario\/wp-json\/wp\/v2\/users\/2"}],"replies":[{"embeddable":true,"href":"https:\/\/armstrongyregion.com.ar\/diario\/wp-json\/wp\/v2\/comments?post=6842"}],"version-history":[{"count":0,"href":"https:\/\/armstrongyregion.com.ar\/diario\/wp-json\/wp\/v2\/posts\/6842\/revisions"}],"wp:featuredmedia":[{"embeddable":true,"href":"https:\/\/armstrongyregion.com.ar\/diario\/wp-json\/wp\/v2\/media\/6843"}],"wp:attachment":[{"href":"https:\/\/armstrongyregion.com.ar\/diario\/wp-json\/wp\/v2\/media?parent=6842"}],"wp:term":[{"taxonomy":"category","embeddable":true,"href":"https:\/\/armstrongyregion.com.ar\/diario\/wp-json\/wp\/v2\/categories?post=6842"},{"taxonomy":"post_tag","embeddable":true,"href":"https:\/\/armstrongyregion.com.ar\/diario\/wp-json\/wp\/v2\/tags?post=6842"}],"curies":[{"name":"wp","href":"https:\/\/api.w.org\/{rel}","templated":true}]}}