{"id":6827,"date":"2016-03-28T23:11:12","date_gmt":"2016-03-28T23:11:12","guid":{"rendered":"https:\/\/armstrongyregion.com.ar\/diario\/?p=6827"},"modified":"2016-03-28T23:11:12","modified_gmt":"2016-03-28T23:11:12","slug":"convocatoria-de-sabores-y-colores-locales-para-el-02042016","status":"publish","type":"post","link":"https:\/\/armstrongyregion.com.ar\/diario\/convocatoria-de-sabores-y-colores-locales-para-el-02042016\/","title":{"rendered":"Convocatoria de Sabores y Colores Locales para el 02\/04\/2016."},"content":{"rendered":"<p><a href=\"http:\/\/armstrongyregion.com.ar\/diario\/wp-content\/uploads\/2016\/03\/feria-de-las-regiones_6145_crop_629x356_th.jpg\"><img loading=\"lazy\" decoding=\"async\" src=\"http:\/\/armstrongyregion.com.ar\/diario\/wp-content\/uploads\/2016\/03\/feria-de-las-regiones_6145_crop_629x356_th.jpg\" alt=\"feria-de-las-regiones_6145_crop_629x356_th\" width=\"629\" height=\"356\" class=\"alignnone size-full wp-image-6828\" srcset=\"https:\/\/armstrongyregion.com.ar\/diario\/wp-content\/uploads\/2016\/03\/feria-de-las-regiones_6145_crop_629x356_th.jpg 629w, https:\/\/armstrongyregion.com.ar\/diario\/wp-content\/uploads\/2016\/03\/feria-de-las-regiones_6145_crop_629x356_th-300x170.jpg 300w\" sizes=\"auto, (max-width: 629px) 100vw, 629px\" \/><\/a>La Municipalidad de Armstrong a trav\u00e9s de la Secretar\u00eda de Desarrollo Econ\u00f3mico y Productivo invita a todos los integrantes de la Feria Sabores y Colores Locales a la reuni\u00f3n que se realizar\u00e1 el s\u00e1bado 2 de abril a las 14 hs. en el auditorio municipal Delmo Dar\u00f3,  donde tratar\u00e1n diversos temas referentes a las distintas presentaciones de los feriantes.<br \/>\nAsimismo se convoca a las personas interesadas en sumarse a este grupo de trabajo a acercarse en el horario indicado.<\/p>\n","protected":false},"excerpt":{"rendered":"<p>La Municipalidad de Armstrong a trav\u00e9s de la Secretar\u00eda de Desarrollo Econ\u00f3mico y Productivo invita a todos los integrantes de la Feria Sabores y Colores Locales a la reuni\u00f3n que se realizar\u00e1 el s\u00e1bado 2 de abril a las 14 hs. en el auditorio municipal Delmo Dar\u00f3, donde tratar\u00e1n diversos temas referentes a las distintas <a href=\"https:\/\/armstrongyregion.com.ar\/diario\/convocatoria-de-sabores-y-colores-locales-para-el-02042016\/\" title=\"Read more\" >&#8230;<\/a><\/p>\n","protected":false},"author":2,"featured_media":6828,"comment_status":"open","ping_status":"open","sticky":false,"template":"","format":"standard","meta":{"_jetpack_memberships_contains_paid_content":false,"footnotes":"","jetpack_publicize_message":"","jetpack_publicize_feature_enabled":true,"jetpack_social_post_already_shared":false,"jetpack_social_options":{"image_generator_settings":{"template":"highway","default_image_id":0,"enabled":false},"version":2}},"categories":[1,2],"tags":[1336,451,19,1335,13],"class_list":["post-6827","post","type-post","status-publish","format-standard","has-post-thumbnail","hentry","category-diario-armstrong","category-locales","tag-colores","tag-convocatoria","tag-de","tag-sabores","tag-y"],"jetpack_publicize_connections":[],"jetpack_featured_media_url":"https:\/\/armstrongyregion.com.ar\/diario\/wp-content\/uploads\/2016\/03\/feria-de-las-regiones_6145_crop_629x356_th.jpg","jetpack_shortlink":"https:\/\/wp.me\/p62QDO-1M7","jetpack_sharing_enabled":true,"amp_enabled":true,"_links":{"self":[{"href":"https:\/\/armstrongyregion.com.ar\/diario\/wp-json\/wp\/v2\/posts\/6827","targetHints":{"allow":["GET"]}}],"collection":[{"href":"https:\/\/armstrongyregion.com.ar\/diario\/wp-json\/wp\/v2\/posts"}],"about":[{"href":"https:\/\/armstrongyregion.com.ar\/diario\/wp-json\/wp\/v2\/types\/post"}],"author":[{"embeddable":true,"href":"https:\/\/armstrongyregion.com.ar\/diario\/wp-json\/wp\/v2\/users\/2"}],"replies":[{"embeddable":true,"href":"https:\/\/armstrongyregion.com.ar\/diario\/wp-json\/wp\/v2\/comments?post=6827"}],"version-history":[{"count":0,"href":"https:\/\/armstrongyregion.com.ar\/diario\/wp-json\/wp\/v2\/posts\/6827\/revisions"}],"wp:featuredmedia":[{"embeddable":true,"href":"https:\/\/armstrongyregion.com.ar\/diario\/wp-json\/wp\/v2\/media\/6828"}],"wp:attachment":[{"href":"https:\/\/armstrongyregion.com.ar\/diario\/wp-json\/wp\/v2\/media?parent=6827"}],"wp:term":[{"taxonomy":"category","embeddable":true,"href":"https:\/\/armstrongyregion.com.ar\/diario\/wp-json\/wp\/v2\/categories?post=6827"},{"taxonomy":"post_tag","embeddable":true,"href":"https:\/\/armstrongyregion.com.ar\/diario\/wp-json\/wp\/v2\/tags?post=6827"}],"curies":[{"name":"wp","href":"https:\/\/api.w.org\/{rel}","templated":true}]}}