{"id":6824,"date":"2016-03-28T01:36:07","date_gmt":"2016-03-28T01:36:07","guid":{"rendered":"https:\/\/armstrongyregion.com.ar\/diario\/?p=6824"},"modified":"2016-03-28T01:36:07","modified_gmt":"2016-03-28T01:36:07","slug":"el-lunes-4-de-abril-no-habra-clases","status":"publish","type":"post","link":"https:\/\/armstrongyregion.com.ar\/diario\/el-lunes-4-de-abril-no-habra-clases\/","title":{"rendered":"El lunes 4 de abril no habr\u00e1 clases."},"content":{"rendered":"<p><a href=\"http:\/\/armstrongyregion.com.ar\/diario\/wp-content\/uploads\/2016\/03\/alesso.jpg\"><img loading=\"lazy\" decoding=\"async\" src=\"http:\/\/armstrongyregion.com.ar\/diario\/wp-content\/uploads\/2016\/03\/alesso.jpg\" alt=\"alesso\" width=\"768\" height=\"439\" class=\"alignnone size-full wp-image-6825\" srcset=\"https:\/\/armstrongyregion.com.ar\/diario\/wp-content\/uploads\/2016\/03\/alesso.jpg 768w, https:\/\/armstrongyregion.com.ar\/diario\/wp-content\/uploads\/2016\/03\/alesso-300x171.jpg 300w\" sizes=\"auto, (max-width: 768px) 100vw, 768px\" \/><\/a>La Secretaria General de CTERA, Sonia Alesso, ratific\u00f3 que este 4 de abril, los Trabajadores de la Educaci\u00f3n de todo el pa\u00eds, nucleados en esa gremial realizaran un paro nacional, tal como lo resolvieron en el Congreso del pasado 26 de febrero.<br \/>\nComunicado de CTERA:<br \/>\nLos reclamos que motivan la medida son:<\/p>\n<p>-La dilacion de distintos conflictos provinciales que a\u00fan no est\u00e1n resueltos y el cumplimiento efectivo de la propuesta integral de los acuerdos paritarios nacionales;<\/p>\n<p>-El intento de la justicia neuquina de cerrar la Causa Fuentealba II;<\/p>\n<p>-La criminalizaci\u00f3n de la protesta social;<\/p>\n<p>-El protocolo que anunci\u00f3 la Ministra de Seguridad Patricia Bullrich, que design\u00f3 a Eugenio Burzaco, quien fuera asesor de seguridad del ex gobernador Jorge Sobisch cuando asesinaron en Arroyito, provincia de Neuqu\u00e9n, a nuestro compa\u00f1ero Carlos Fuentealba.<\/p>\n<p>CTERA estuvo participando de la marcha de los docentes mendocinos, que moviliz\u00f3 a m\u00e1s de 8 mil docentes hasta la Casa de Gobierno provincial. Marcha en la que estuvieron presentes miembros de la Junta Ejecutiva de CTERA, y los Sec. Generales, de las entidades de base de CTERA: de Entre R\u00edos, Fabi\u00e1n Pesin \u2013 Sec. General de Agmer, de Provincia de Buenos Aires, Roberto Baradel \u2013Sec. General Suteba; de La Rioja, Beatriz Mart\u00ednez \u2013 Comisi\u00f3n Directiva de AMP; de Ciudad de Buenos Aires, Guillermo Parodi \u2013 Sec. Gral Adjunto; de La Pampa, Noemi Tejeda &#8211; Utelpa; de Neuqu\u00e9n, Marcelo Guagliardo \u2013 Sec. General de Aten; de Formosa, Luis Branchi \u2013 Sec. General de ADF; de San Luis y San Juan estuvieron presentes miembros de la comisi\u00f3n directiva provincial.<\/p>\n<p>Los ejes de la protesta mendocina son la exigencia al Gobierno provincial que d\u00e9 marcha atr\u00e1s con el decreto de aumento salarial y el \u201c\u00edtem aula\u201d que se constituye como un nuevo formato de presentismo. La presi\u00f3n de la movilizaci\u00f3n provoc\u00f3 que Diputados decidiera postergar la sesi\u00f3n en la que se iba a tratar el Decreto de aumento salarial para el pr\u00f3ximo mi\u00e9rcoles.<\/p>\n<p>Adri\u00e1n Mateluna, Secretario General de SUTE, anunci\u00f3 que continuar\u00e1 la vigilia en la Legislatura hasta el mi\u00e9rcoles, d\u00eda este en el que sesionar\u00e1n en conjunto los Plenarios Seccionales de los 18 departamentos \u2013desde las 8 de la ma\u00f1ana- frente a la Casa de las Leyes- y el Plenario Provincial.<\/p>\n","protected":false},"excerpt":{"rendered":"<p>La Secretaria General de CTERA, Sonia Alesso, ratific\u00f3 que este 4 de abril, los Trabajadores de la Educaci\u00f3n de todo el pa\u00eds, nucleados en esa gremial realizaran un paro nacional, tal como lo resolvieron en el Congreso del pasado 26 de febrero. Comunicado de CTERA: Los reclamos que motivan la medida son: -La dilacion de <a href=\"https:\/\/armstrongyregion.com.ar\/diario\/el-lunes-4-de-abril-no-habra-clases\/\" title=\"Read more\" >&#8230;<\/a><\/p>\n","protected":false},"author":2,"featured_media":6825,"comment_status":"open","ping_status":"open","sticky":false,"template":"","format":"standard","meta":{"_jetpack_memberships_contains_paid_content":false,"footnotes":"","jetpack_publicize_message":"","jetpack_publicize_feature_enabled":true,"jetpack_social_post_already_shared":false,"jetpack_social_options":{"image_generator_settings":{"template":"highway","default_image_id":0,"enabled":false},"version":2}},"categories":[6,1,2,3],"tags":[854,1314,1027,19,16,843,539,96],"class_list":["post-6824","post","type-post","status-publish","format-standard","has-post-thumbnail","hentry","category-cultura-entretenimiento","category-diario-armstrong","category-locales","category-region","tag-854","tag-abril","tag-clases","tag-de","tag-el","tag-habra","tag-lunes","tag-no"],"jetpack_publicize_connections":[],"jetpack_featured_media_url":"https:\/\/armstrongyregion.com.ar\/diario\/wp-content\/uploads\/2016\/03\/alesso.jpg","jetpack_shortlink":"https:\/\/wp.me\/p62QDO-1M4","jetpack_sharing_enabled":true,"amp_enabled":true,"_links":{"self":[{"href":"https:\/\/armstrongyregion.com.ar\/diario\/wp-json\/wp\/v2\/posts\/6824","targetHints":{"allow":["GET"]}}],"collection":[{"href":"https:\/\/armstrongyregion.com.ar\/diario\/wp-json\/wp\/v2\/posts"}],"about":[{"href":"https:\/\/armstrongyregion.com.ar\/diario\/wp-json\/wp\/v2\/types\/post"}],"author":[{"embeddable":true,"href":"https:\/\/armstrongyregion.com.ar\/diario\/wp-json\/wp\/v2\/users\/2"}],"replies":[{"embeddable":true,"href":"https:\/\/armstrongyregion.com.ar\/diario\/wp-json\/wp\/v2\/comments?post=6824"}],"version-history":[{"count":0,"href":"https:\/\/armstrongyregion.com.ar\/diario\/wp-json\/wp\/v2\/posts\/6824\/revisions"}],"wp:featuredmedia":[{"embeddable":true,"href":"https:\/\/armstrongyregion.com.ar\/diario\/wp-json\/wp\/v2\/media\/6825"}],"wp:attachment":[{"href":"https:\/\/armstrongyregion.com.ar\/diario\/wp-json\/wp\/v2\/media?parent=6824"}],"wp:term":[{"taxonomy":"category","embeddable":true,"href":"https:\/\/armstrongyregion.com.ar\/diario\/wp-json\/wp\/v2\/categories?post=6824"},{"taxonomy":"post_tag","embeddable":true,"href":"https:\/\/armstrongyregion.com.ar\/diario\/wp-json\/wp\/v2\/tags?post=6824"}],"curies":[{"name":"wp","href":"https:\/\/api.w.org\/{rel}","templated":true}]}}