{"id":6815,"date":"2016-03-28T00:26:28","date_gmt":"2016-03-28T00:26:28","guid":{"rendered":"https:\/\/armstrongyregion.com.ar\/diario\/?p=6815"},"modified":"2016-03-28T00:26:28","modified_gmt":"2016-03-28T00:26:28","slug":"volco-un-camion-y-genero-serias-demoras-para-llegar-desde-cordoba","status":"publish","type":"post","link":"https:\/\/armstrongyregion.com.ar\/diario\/volco-un-camion-y-genero-serias-demoras-para-llegar-desde-cordoba\/","title":{"rendered":"Volc\u00f3 un cami\u00f3n y gener\u00f3 serias demoras para llegar desde C\u00f3rdoba."},"content":{"rendered":"<p><a href=\"http:\/\/armstrongyregion.com.ar\/diario\/wp-content\/uploads\/2016\/03\/Vuelco-Camion.jpg\"><img loading=\"lazy\" decoding=\"async\" src=\"http:\/\/armstrongyregion.com.ar\/diario\/wp-content\/uploads\/2016\/03\/Vuelco-Camion.jpg\" alt=\"Vuelco-Camion\" width=\"768\" height=\"576\" class=\"alignnone size-full wp-image-6816\" srcset=\"https:\/\/armstrongyregion.com.ar\/diario\/wp-content\/uploads\/2016\/03\/Vuelco-Camion.jpg 768w, https:\/\/armstrongyregion.com.ar\/diario\/wp-content\/uploads\/2016\/03\/Vuelco-Camion-300x225.jpg 300w\" sizes=\"auto, (max-width: 768px) 100vw, 768px\" \/><\/a>A poco de la restricci\u00f3n del transporte pesado, un veh\u00edculo de carga tumb\u00f3 en la autopista y el tr\u00e1nsito qued\u00f3 reducido. Varios kil\u00f3metros de cola a paso de hombre<br \/>\nUn siniestro de tr\u00e1nsito ocurrido este domingo a la tarde en la autopista Rosario-C\u00f3rdoba gener\u00f3 serias demoras para quienes regresaban desde la provincia vecina luego del fin de semana largo. La situaci\u00f3n llev\u00f3 algunas horas para comenzar a normalizarse.<br \/>\nCerca de las 17, por causas que a\u00fan no estaban claras, un cami\u00f3n volc\u00f3 sobre la calzada y derram\u00f3 toda su carga de cereal cerca del kil\u00f3metro 345 \u2013cerca de Correa\u2013, en la mano que llega a Rosario.<br \/>\nSeg\u00fan inform\u00f3 la Agencia Provincial de Seguridad Vial, dicho carril se encontraba reducido en un tramo de cinco kil\u00f3metros, aunque muchos automovilistas reportaban en las redes sociales que el tramo a paso de hombre era mucho m\u00e1s extenso pasadas las 18.<br \/>\nAl llegar a Ca\u00f1ada de G\u00f3mez ya comenzaba el congestionamiento.<\/p>\n<p>Reci\u00e9n pasadas las 19 el tr\u00e1nsito comenz\u00f3 a normalizarse pero la acumulaci\u00f3n de veh\u00edculos hizo dif\u00edcil el tr\u00e1nsito hasta Rosario.<br \/>\nCabe recordar que desde las 18 reg\u00eda la habitual prohibici\u00f3n de circular con camiones en rutas nacionales como cada cierre de fin de semana largo. La medida se manten\u00eda hasta la medianoche.<br \/>\nRosario3.com<\/p>\n","protected":false},"excerpt":{"rendered":"<p>A poco de la restricci\u00f3n del transporte pesado, un veh\u00edculo de carga tumb\u00f3 en la autopista y el tr\u00e1nsito qued\u00f3 reducido. Varios kil\u00f3metros de cola a paso de hombre Un siniestro de tr\u00e1nsito ocurrido este domingo a la tarde en la autopista Rosario-C\u00f3rdoba gener\u00f3 serias demoras para quienes regresaban desde la provincia vecina luego del <a href=\"https:\/\/armstrongyregion.com.ar\/diario\/volco-un-camion-y-genero-serias-demoras-para-llegar-desde-cordoba\/\" title=\"Read more\" >&#8230;<\/a><\/p>\n","protected":false},"author":2,"featured_media":6816,"comment_status":"open","ping_status":"open","sticky":false,"template":"","format":"standard","meta":{"_jetpack_memberships_contains_paid_content":false,"footnotes":"","jetpack_publicize_message":"","jetpack_publicize_feature_enabled":true,"jetpack_social_post_already_shared":false,"jetpack_social_options":{"image_generator_settings":{"template":"highway","default_image_id":0,"enabled":false},"version":2}},"categories":[1,3],"tags":[369,152,3634,2105,984,81,3633,192,3632],"class_list":["post-6815","post","type-post","status-publish","format-standard","has-post-thumbnail","hentry","category-diario-armstrong","category-region","tag-camion","tag-cordoba","tag-demoras","tag-desde","tag-llegar","tag-para","tag-serias","tag-un","tag-volco"],"jetpack_publicize_connections":[],"jetpack_featured_media_url":"https:\/\/armstrongyregion.com.ar\/diario\/wp-content\/uploads\/2016\/03\/Vuelco-Camion.jpg","jetpack_shortlink":"https:\/\/wp.me\/p62QDO-1LV","jetpack_sharing_enabled":true,"amp_enabled":true,"_links":{"self":[{"href":"https:\/\/armstrongyregion.com.ar\/diario\/wp-json\/wp\/v2\/posts\/6815","targetHints":{"allow":["GET"]}}],"collection":[{"href":"https:\/\/armstrongyregion.com.ar\/diario\/wp-json\/wp\/v2\/posts"}],"about":[{"href":"https:\/\/armstrongyregion.com.ar\/diario\/wp-json\/wp\/v2\/types\/post"}],"author":[{"embeddable":true,"href":"https:\/\/armstrongyregion.com.ar\/diario\/wp-json\/wp\/v2\/users\/2"}],"replies":[{"embeddable":true,"href":"https:\/\/armstrongyregion.com.ar\/diario\/wp-json\/wp\/v2\/comments?post=6815"}],"version-history":[{"count":0,"href":"https:\/\/armstrongyregion.com.ar\/diario\/wp-json\/wp\/v2\/posts\/6815\/revisions"}],"wp:featuredmedia":[{"embeddable":true,"href":"https:\/\/armstrongyregion.com.ar\/diario\/wp-json\/wp\/v2\/media\/6816"}],"wp:attachment":[{"href":"https:\/\/armstrongyregion.com.ar\/diario\/wp-json\/wp\/v2\/media?parent=6815"}],"wp:term":[{"taxonomy":"category","embeddable":true,"href":"https:\/\/armstrongyregion.com.ar\/diario\/wp-json\/wp\/v2\/categories?post=6815"},{"taxonomy":"post_tag","embeddable":true,"href":"https:\/\/armstrongyregion.com.ar\/diario\/wp-json\/wp\/v2\/tags?post=6815"}],"curies":[{"name":"wp","href":"https:\/\/api.w.org\/{rel}","templated":true}]}}