{"id":6812,"date":"2016-03-27T06:03:01","date_gmt":"2016-03-27T06:03:01","guid":{"rendered":"https:\/\/armstrongyregion.com.ar\/diario\/?p=6812"},"modified":"2016-03-27T06:03:01","modified_gmt":"2016-03-27T06:03:01","slug":"rosario-concejales-piden-frenar-la-suba-de-la-epe-y-ponerle-un-techo","status":"publish","type":"post","link":"https:\/\/armstrongyregion.com.ar\/diario\/rosario-concejales-piden-frenar-la-suba-de-la-epe-y-ponerle-un-techo\/","title":{"rendered":"Rosario. Concejales piden frenar la suba de la EPE y ponerle un techo."},"content":{"rendered":"<p><a href=\"http:\/\/armstrongyregion.com.ar\/diario\/wp-content\/uploads\/2016\/03\/energia-electrica.jpg\"><img loading=\"lazy\" decoding=\"async\" src=\"http:\/\/armstrongyregion.com.ar\/diario\/wp-content\/uploads\/2016\/03\/energia-electrica.jpg\" alt=\"energia-electrica\" width=\"768\" height=\"511\" class=\"alignnone size-full wp-image-6813\" srcset=\"https:\/\/armstrongyregion.com.ar\/diario\/wp-content\/uploads\/2016\/03\/energia-electrica.jpg 768w, https:\/\/armstrongyregion.com.ar\/diario\/wp-content\/uploads\/2016\/03\/energia-electrica-300x200.jpg 300w\" sizes=\"auto, (max-width: 768px) 100vw, 768px\" \/><\/a>El radical Boasso reclam\u00f3 al gobierno provincial que intervenga ante el aumento \u00abexcesivo\u00bb en la tarifa de la luz, del 100%. Propuso \u00abun tope en relaci\u00f3n a la paritaria docente\u00bb. El justicialista Giuliano coincidi\u00f3 y afirm\u00f3: \u201cNo hay bolsillo que aguante\u201d<br \/>\nDos concejales de Rosario pidieron al gobierno de Santa Fe que intervenga en la subas \u00abexcesivas\u00bb que decret\u00f3 la Empresa Provincial de la Energ\u00eda (EPE) y frene las nuevas facturaciones porque \u201cno hay bolsillo que aguante\u201d. Adem\u00e1s, proponen fijar un techo para los incrementos: la paritaria salarial de los docentes (en torno al 35 por ciento).<br \/>\nEl radical Jorge Boasso encomienda, a trav\u00e9s de un decreto, al Poder Ejecutivo de la provincia \u00aba que intervenga, frene el incremento y establezca un tope\u00bb. Dijo que se basa en la queja de \u00abcientos de vecinos que vieron reflejado el excesivo porcentaje en sus boletas y que para abril llegar\u00e1n a un 100 por ciento en relaci\u00f3n a los \u00faltimos meses del 2015\u00bb.<br \/>\n\u201cHemos recibido numerosas quejas de vecinos que sufren permanentes cortes de luz, e incluso barrios de Rosario que reciben mucho menos de los 220 voltios correspondientes, lo que caus\u00f3 da\u00f1os en electrodom\u00e9sticos. A este p\u00e9simo servicio se le suma un desmedido aumento en las boletas de luz\u201d,  detall\u00f3 Boasso y puntualiz\u00f3: \u201cPedimos que frenen el incremento realizado y establezcan un m\u00e1ximo seg\u00fan la paritaria docente en nuestra provincia\u201d.<br \/>\nLas subas en la EPE y los salarios de los empleados de comercio (Prensa Boasso).<br \/>\nSu par justicialista, Diego Giuliano, coincidi\u00f3: \u201cPedimos que se revea este aumento desmedido (que calcul\u00f3 en 88%). Afecta la calidad de vida de los usuarios residenciales as\u00ed como de los comercios e industrias\u201d.<\/p>\n<p>\u00abLa situaci\u00f3n econ\u00f3mica por la que est\u00e1 atravesando la ciudad no resiste un aumento de esta naturaleza que impacta negativamente sobre las fuentes laborales, las econom\u00edas dom\u00e9sticas y las industrias y comercios que pueden provocar nuevos incrementos de precios para paliar costos\u201d, manifest\u00f3 el concejal de Rosario Federal.<br \/>\n\u201cEn los \u00faltimos diez a\u00f1os no ocurr\u00edan aumentos en el orden nacional, cuando la Empresa Provincial de la Energ\u00eda increment\u00f3 en diversas oportunidades su cuadro tarifario, usufructuando as\u00ed la energ\u00eda subsidiada por el Gobierno Nacional hasta 2015, sin trasladar dicho beneficio a los santafesinos\u201d, dijo y agreg\u00f3: \u201cAs\u00ed no hay bolsillo que aguante\u201d.<br \/>\nD\u00edas atr\u00e1s, la Oficina de Defensa al Consumidor adviriti\u00f3 que la EPE duplic\u00f3 las tarifas de la luz desde noviembre.<br \/>\nLa tarifa m\u00e1s alta<br \/>\nSeg\u00fan afirm\u00f3 Boasso, las cifras oficiales ubican a la EPE liderando el ranking de reclamos por parte de los usuarios. La denuncia m\u00e1s recurrente es por sobre facturaci\u00f3n en el consumo. Los vecinos se sienten a la deriva y desprotegidos ante los abusos de esta empresa provincial. \u201cLifschitz tiene la obligaci\u00f3n de dar explicaciones al respecto\u201d,  remarc\u00f3 el radical.<br \/>\n\u00abEn Santa Fe se paga la tarifa el\u00e9ctrica m\u00e1s alta del pa\u00eds. En la \u00faltima d\u00e9cada la EPE fue ajustando anualmente la misma, acumulando durante ese per\u00edodo un incremento en torno al 335 por ciento. El 1\u00ba de diciembre pasado la aument\u00f3 un 26,9 por ciento, en febrero se sum\u00f3 otro de entre el 42 y el 58 por ciento. Estos ajustes con porcentajes exorbitantes son imposibles de afrontar por los usuarios\u00bb, a\u00f1adi\u00f3.<br \/>\nRosario3.com<\/p>\n","protected":false},"excerpt":{"rendered":"<p>El radical Boasso reclam\u00f3 al gobierno provincial que intervenga ante el aumento \u00abexcesivo\u00bb en la tarifa de la luz, del 100%. Propuso \u00abun tope en relaci\u00f3n a la paritaria docente\u00bb. El justicialista Giuliano coincidi\u00f3 y afirm\u00f3: \u201cNo hay bolsillo que aguante\u201d Dos concejales de Rosario pidieron al gobierno de Santa Fe que intervenga en la <a href=\"https:\/\/armstrongyregion.com.ar\/diario\/rosario-concejales-piden-frenar-la-suba-de-la-epe-y-ponerle-un-techo\/\" title=\"Read more\" >&#8230;<\/a><\/p>\n","protected":false},"author":2,"featured_media":6813,"comment_status":"open","ping_status":"open","sticky":false,"template":"","format":"standard","meta":{"_jetpack_memberships_contains_paid_content":false,"footnotes":"","jetpack_publicize_message":"","jetpack_publicize_feature_enabled":true,"jetpack_social_post_already_shared":false,"jetpack_social_options":{"image_generator_settings":{"template":"highway","default_image_id":0,"enabled":false},"version":2}},"categories":[1,7,3],"tags":[845,19,1722,3631,31,3630,784,3602],"class_list":["post-6812","post","type-post","status-publish","format-standard","has-post-thumbnail","hentry","category-diario-armstrong","category-politica","category-region","tag-concejales","tag-de","tag-epe","tag-frenar","tag-la","tag-piden","tag-rosario","tag-tarifa"],"jetpack_publicize_connections":[],"jetpack_featured_media_url":"https:\/\/armstrongyregion.com.ar\/diario\/wp-content\/uploads\/2016\/03\/energia-electrica.jpg","jetpack_shortlink":"https:\/\/wp.me\/p62QDO-1LS","jetpack_sharing_enabled":true,"amp_enabled":true,"_links":{"self":[{"href":"https:\/\/armstrongyregion.com.ar\/diario\/wp-json\/wp\/v2\/posts\/6812","targetHints":{"allow":["GET"]}}],"collection":[{"href":"https:\/\/armstrongyregion.com.ar\/diario\/wp-json\/wp\/v2\/posts"}],"about":[{"href":"https:\/\/armstrongyregion.com.ar\/diario\/wp-json\/wp\/v2\/types\/post"}],"author":[{"embeddable":true,"href":"https:\/\/armstrongyregion.com.ar\/diario\/wp-json\/wp\/v2\/users\/2"}],"replies":[{"embeddable":true,"href":"https:\/\/armstrongyregion.com.ar\/diario\/wp-json\/wp\/v2\/comments?post=6812"}],"version-history":[{"count":0,"href":"https:\/\/armstrongyregion.com.ar\/diario\/wp-json\/wp\/v2\/posts\/6812\/revisions"}],"wp:featuredmedia":[{"embeddable":true,"href":"https:\/\/armstrongyregion.com.ar\/diario\/wp-json\/wp\/v2\/media\/6813"}],"wp:attachment":[{"href":"https:\/\/armstrongyregion.com.ar\/diario\/wp-json\/wp\/v2\/media?parent=6812"}],"wp:term":[{"taxonomy":"category","embeddable":true,"href":"https:\/\/armstrongyregion.com.ar\/diario\/wp-json\/wp\/v2\/categories?post=6812"},{"taxonomy":"post_tag","embeddable":true,"href":"https:\/\/armstrongyregion.com.ar\/diario\/wp-json\/wp\/v2\/tags?post=6812"}],"curies":[{"name":"wp","href":"https:\/\/api.w.org\/{rel}","templated":true}]}}