{"id":6800,"date":"2016-03-27T05:20:03","date_gmt":"2016-03-27T05:20:03","guid":{"rendered":"https:\/\/armstrongyregion.com.ar\/diario\/?p=6800"},"modified":"2016-03-27T05:20:03","modified_gmt":"2016-03-27T05:20:03","slug":"canada-de-gomez-clerici-recorrio-trabajos-en-el-nuevo-predio-del-tiro-federal","status":"publish","type":"post","link":"https:\/\/armstrongyregion.com.ar\/diario\/canada-de-gomez-clerici-recorrio-trabajos-en-el-nuevo-predio-del-tiro-federal\/","title":{"rendered":"Ca\u00f1ada de G\u00f3mez. Clerici recorri\u00f3 trabajos en el nuevo predio del tiro federal."},"content":{"rendered":"<p><a href=\"http:\/\/armstrongyregion.com.ar\/diario\/wp-content\/uploads\/2016\/03\/Predio-Clerici.jpg\"><img loading=\"lazy\" decoding=\"async\" src=\"http:\/\/armstrongyregion.com.ar\/diario\/wp-content\/uploads\/2016\/03\/Predio-Clerici.jpg\" alt=\"Predio-Clerici\" width=\"768\" height=\"512\" class=\"alignnone size-full wp-image-6801\" srcset=\"https:\/\/armstrongyregion.com.ar\/diario\/wp-content\/uploads\/2016\/03\/Predio-Clerici.jpg 768w, https:\/\/armstrongyregion.com.ar\/diario\/wp-content\/uploads\/2016\/03\/Predio-Clerici-300x200.jpg 300w\" sizes=\"auto, (max-width: 768px) 100vw, 768px\" \/><\/a>Avanzan la obra de construcci\u00f3n del nuevo pol\u00edgono de tiro en terreno cedido por el municipio.<\/p>\n<p>La intendenta Stella Cl\u00e9rici junto a la secretaria de Obras P\u00fablicas Anal\u00eda De G\u00e1speri recorri\u00f3 el avance de obras del nuevo pol\u00edgono de tiro<br \/>\nque se construye en terreno cedido por el municipio, detr\u00e1s del matadero en el ingreso a la ciudad.<br \/>\nEn el lugar ya se realizaron las dependencias administrativas y el<br \/>\ntecho, junto con las paredes laterales y de fondo, en tanto se trabaja<br \/>\npara realizar el piso del lugar y conexiones de ca\u00f1er\u00eda.<br \/>\n\u00abDe esta manera acompa\u00f1amos a la comisi\u00f3n del Tiro Federal en la<br \/>\nconcreci\u00f3n de esta importante obra que permitir\u00e1 tener un pol\u00edgono de<br \/>\ntiro modelo en la provincia, luego de la importante cesi\u00f3n de espacios<br \/>\nque realizara el Tiro para avanzar con la urbanizaci\u00f3n y dotaci\u00f3n de<br \/>\ninfraestructura en la zona norte\u00bb, destac\u00f3 Cl\u00e9rici.<\/p>\n","protected":false},"excerpt":{"rendered":"<p>Avanzan la obra de construcci\u00f3n del nuevo pol\u00edgono de tiro en terreno cedido por el municipio. La intendenta Stella Cl\u00e9rici junto a la secretaria de Obras P\u00fablicas Anal\u00eda De G\u00e1speri recorri\u00f3 el avance de obras del nuevo pol\u00edgono de tiro que se construye en terreno cedido por el municipio, detr\u00e1s del matadero en el ingreso <a href=\"https:\/\/armstrongyregion.com.ar\/diario\/canada-de-gomez-clerici-recorrio-trabajos-en-el-nuevo-predio-del-tiro-federal\/\" title=\"Read more\" >&#8230;<\/a><\/p>\n","protected":false},"author":2,"featured_media":6801,"comment_status":"open","ping_status":"open","sticky":false,"template":"","format":"standard","meta":{"_jetpack_memberships_contains_paid_content":false,"footnotes":"","jetpack_publicize_message":"","jetpack_publicize_feature_enabled":true,"jetpack_social_post_already_shared":false,"jetpack_social_options":{"image_generator_settings":{"template":"highway","default_image_id":0,"enabled":false},"version":2}},"categories":[1,2,3],"tags":[163,83,19,53,16,2929,164,3500,287,2928],"class_list":["post-6800","post","type-post","status-publish","format-standard","has-post-thumbnail","hentry","category-diario-armstrong","category-locales","category-region","tag-canada","tag-clerici","tag-de","tag-del","tag-el","tag-federal","tag-gomez","tag-predio","tag-recorrio","tag-tiro"],"jetpack_publicize_connections":[],"jetpack_featured_media_url":"https:\/\/armstrongyregion.com.ar\/diario\/wp-content\/uploads\/2016\/03\/Predio-Clerici.jpg","jetpack_shortlink":"https:\/\/wp.me\/p62QDO-1LG","jetpack_sharing_enabled":true,"amp_enabled":true,"_links":{"self":[{"href":"https:\/\/armstrongyregion.com.ar\/diario\/wp-json\/wp\/v2\/posts\/6800","targetHints":{"allow":["GET"]}}],"collection":[{"href":"https:\/\/armstrongyregion.com.ar\/diario\/wp-json\/wp\/v2\/posts"}],"about":[{"href":"https:\/\/armstrongyregion.com.ar\/diario\/wp-json\/wp\/v2\/types\/post"}],"author":[{"embeddable":true,"href":"https:\/\/armstrongyregion.com.ar\/diario\/wp-json\/wp\/v2\/users\/2"}],"replies":[{"embeddable":true,"href":"https:\/\/armstrongyregion.com.ar\/diario\/wp-json\/wp\/v2\/comments?post=6800"}],"version-history":[{"count":0,"href":"https:\/\/armstrongyregion.com.ar\/diario\/wp-json\/wp\/v2\/posts\/6800\/revisions"}],"wp:featuredmedia":[{"embeddable":true,"href":"https:\/\/armstrongyregion.com.ar\/diario\/wp-json\/wp\/v2\/media\/6801"}],"wp:attachment":[{"href":"https:\/\/armstrongyregion.com.ar\/diario\/wp-json\/wp\/v2\/media?parent=6800"}],"wp:term":[{"taxonomy":"category","embeddable":true,"href":"https:\/\/armstrongyregion.com.ar\/diario\/wp-json\/wp\/v2\/categories?post=6800"},{"taxonomy":"post_tag","embeddable":true,"href":"https:\/\/armstrongyregion.com.ar\/diario\/wp-json\/wp\/v2\/tags?post=6800"}],"curies":[{"name":"wp","href":"https:\/\/api.w.org\/{rel}","templated":true}]}}