{"id":6797,"date":"2016-03-25T00:12:47","date_gmt":"2016-03-25T00:12:47","guid":{"rendered":"https:\/\/armstrongyregion.com.ar\/diario\/?p=6797"},"modified":"2016-03-25T00:12:47","modified_gmt":"2016-03-25T00:12:47","slug":"armstrong-acto-del-dia-de-la-memoria-la-verdad-y-la-justicia","status":"publish","type":"post","link":"https:\/\/armstrongyregion.com.ar\/diario\/armstrong-acto-del-dia-de-la-memoria-la-verdad-y-la-justicia\/","title":{"rendered":"Armstrong. Acto del D\u00eda de la Memoria, la Verdad y la Justicia."},"content":{"rendered":"<p><a href=\"http:\/\/armstrongyregion.com.ar\/diario\/wp-content\/uploads\/2016\/03\/Beatriz-Di-Paolo-.jpg\"><img loading=\"lazy\" decoding=\"async\" src=\"http:\/\/armstrongyregion.com.ar\/diario\/wp-content\/uploads\/2016\/03\/Beatriz-Di-Paolo-.jpg\" alt=\"Beatriz-Di Paolo-\" width=\"768\" height=\"510\" class=\"alignnone size-full wp-image-6798\" srcset=\"https:\/\/armstrongyregion.com.ar\/diario\/wp-content\/uploads\/2016\/03\/Beatriz-Di-Paolo-.jpg 768w, https:\/\/armstrongyregion.com.ar\/diario\/wp-content\/uploads\/2016\/03\/Beatriz-Di-Paolo--300x199.jpg 300w\" sizes=\"auto, (max-width: 768px) 100vw, 768px\" \/><\/a>En la ma\u00f1ana del 24 de marzo, pasadas las 11hs en la Plaza P\u00e9rez Esquivel se realiz\u00f3 el Acto por el d\u00eda de la Memoria, la Verdad y la Justicia.<br \/>\nEl intendente Dr. Pablo Verdecchia, invit\u00f3 a en este d\u00eda no laborable a la reflexi\u00f3n, a la difusi\u00f3n para que nunca m\u00e1s vuelva a aparecer en nuestro pa\u00eds este tipo de atropellos hacia los derechos y hacia la vida que es fundamental, creemos- dijo- que en estas 4 d\u00e9cadas algunas heridas se cerraron pero la mayor\u00eda siguen abiertas.<br \/>\n\u201cCreo infinitamente en las palabras que el Dr.Ra\u00fal  Alfons\u00edn nos leg\u00f3, las heridas se van a ir cerrando solamente con m\u00e1s democracia,  con m\u00e1s tolerancia y con mas respeto hacia el otro, ese es el buen camino\u201d. Finaliz\u00f3 el intendente.<br \/>\nParticiparon de este acto los concejales de bloque oficialista, Daniela P\u00e9rez y Beatriz Di Paolo, funcionarios municipales, integrantes de fuerzas vivas de la ciudad y todas las instituciones educativas representadas por sus abanderados y escoltas.<\/p>\n","protected":false},"excerpt":{"rendered":"<p>En la ma\u00f1ana del 24 de marzo, pasadas las 11hs en la Plaza P\u00e9rez Esquivel se realiz\u00f3 el Acto por el d\u00eda de la Memoria, la Verdad y la Justicia. El intendente Dr. Pablo Verdecchia, invit\u00f3 a en este d\u00eda no laborable a la reflexi\u00f3n, a la difusi\u00f3n para que nunca m\u00e1s vuelva a aparecer <a href=\"https:\/\/armstrongyregion.com.ar\/diario\/armstrong-acto-del-dia-de-la-memoria-la-verdad-y-la-justicia\/\" title=\"Read more\" >&#8230;<\/a><\/p>\n","protected":false},"author":2,"featured_media":6798,"comment_status":"open","ping_status":"open","sticky":false,"template":"","format":"standard","meta":{"_jetpack_memberships_contains_paid_content":false,"footnotes":"","jetpack_publicize_message":"","jetpack_publicize_feature_enabled":true,"jetpack_social_post_already_shared":false,"jetpack_social_options":{"image_generator_settings":{"template":"highway","default_image_id":0,"enabled":false},"version":2}},"categories":[6,1,2,7,3],"tags":[1212,19,793,16,452,31,1058,60,1154,13],"class_list":["post-6797","post","type-post","status-publish","format-standard","has-post-thumbnail","hentry","category-cultura-entretenimiento","category-diario-armstrong","category-locales","category-politica","category-region","tag-acto","tag-de","tag-dia","tag-el","tag-justicia","tag-la","tag-memoria","tag-por","tag-verdad","tag-y"],"jetpack_publicize_connections":[],"jetpack_featured_media_url":"https:\/\/armstrongyregion.com.ar\/diario\/wp-content\/uploads\/2016\/03\/Beatriz-Di-Paolo-.jpg","jetpack_shortlink":"https:\/\/wp.me\/p62QDO-1LD","jetpack_sharing_enabled":true,"amp_enabled":true,"_links":{"self":[{"href":"https:\/\/armstrongyregion.com.ar\/diario\/wp-json\/wp\/v2\/posts\/6797","targetHints":{"allow":["GET"]}}],"collection":[{"href":"https:\/\/armstrongyregion.com.ar\/diario\/wp-json\/wp\/v2\/posts"}],"about":[{"href":"https:\/\/armstrongyregion.com.ar\/diario\/wp-json\/wp\/v2\/types\/post"}],"author":[{"embeddable":true,"href":"https:\/\/armstrongyregion.com.ar\/diario\/wp-json\/wp\/v2\/users\/2"}],"replies":[{"embeddable":true,"href":"https:\/\/armstrongyregion.com.ar\/diario\/wp-json\/wp\/v2\/comments?post=6797"}],"version-history":[{"count":0,"href":"https:\/\/armstrongyregion.com.ar\/diario\/wp-json\/wp\/v2\/posts\/6797\/revisions"}],"wp:featuredmedia":[{"embeddable":true,"href":"https:\/\/armstrongyregion.com.ar\/diario\/wp-json\/wp\/v2\/media\/6798"}],"wp:attachment":[{"href":"https:\/\/armstrongyregion.com.ar\/diario\/wp-json\/wp\/v2\/media?parent=6797"}],"wp:term":[{"taxonomy":"category","embeddable":true,"href":"https:\/\/armstrongyregion.com.ar\/diario\/wp-json\/wp\/v2\/categories?post=6797"},{"taxonomy":"post_tag","embeddable":true,"href":"https:\/\/armstrongyregion.com.ar\/diario\/wp-json\/wp\/v2\/tags?post=6797"}],"curies":[{"name":"wp","href":"https:\/\/api.w.org\/{rel}","templated":true}]}}