{"id":6791,"date":"2016-03-24T23:23:50","date_gmt":"2016-03-24T23:23:50","guid":{"rendered":"https:\/\/armstrongyregion.com.ar\/diario\/?p=6791"},"modified":"2016-03-24T23:23:50","modified_gmt":"2016-03-24T23:23:50","slug":"en-canada-se-presento-un-documental-inedito-con-testimonios-de-victimas-de-la-dictadura","status":"publish","type":"post","link":"https:\/\/armstrongyregion.com.ar\/diario\/en-canada-se-presento-un-documental-inedito-con-testimonios-de-victimas-de-la-dictadura\/","title":{"rendered":"En Ca\u00f1ada se present\u00f3 un documental in\u00e9dito con testimonios de v\u00edctimas de la dictadura."},"content":{"rendered":"<p><a href=\"http:\/\/armstrongyregion.com.ar\/diario\/wp-content\/uploads\/2016\/03\/dictadura-2.jpg\"><img loading=\"lazy\" decoding=\"async\" src=\"http:\/\/armstrongyregion.com.ar\/diario\/wp-content\/uploads\/2016\/03\/dictadura-2.jpg\" alt=\"dictadura 2\" width=\"768\" height=\"512\" class=\"alignnone size-full wp-image-6792\" srcset=\"https:\/\/armstrongyregion.com.ar\/diario\/wp-content\/uploads\/2016\/03\/dictadura-2.jpg 768w, https:\/\/armstrongyregion.com.ar\/diario\/wp-content\/uploads\/2016\/03\/dictadura-2-300x200.jpg 300w\" sizes=\"auto, (max-width: 768px) 100vw, 768px\" \/><\/a>El material fue realizado por el Museo Hist\u00f3rico y el \u00c1rea de Comunicaci\u00f3n Social, recopilando relatos detenidos, familiares y amigos<br \/>\nde perseguidos y desaparecidos en ese per\u00edodo tr\u00e1gico del pa\u00eds. El material educativo ser\u00e1 entregado las escuelas.<\/p>\n<p>En el marco de las actividades por el 40\u00ba aniversario del golpe c\u00edvico<br \/>\nmilitar de 1976 , en Casa del Bicentenario se present\u00f3 el documental<br \/>\nrealizado por el Museo Hist\u00f3rico y el \u00c1rea de Comunicaci\u00f3n Social de la<br \/>\nMunicipalidad, \u201cLa dictadura c\u00edvico militar en Ca\u00f1ada de G\u00f3mez\u201d.<br \/>\nEl trabajo in\u00e9dito ser\u00e1 entregado a las instituciones educativas y<br \/>\ncuenta con las experiencias de detenidos, familiares y amigos de<br \/>\nperseguidos y desaparecidos en ese per\u00edodo tr\u00e1gico del pa\u00eds. Entre los<br \/>\nevidencias que se pudo conseguir se encuentran las de Mar\u00eda Rosa<br \/>\nBarbaressi, Roberto Gar\u00edn, Juan Vadora, Osvaldo Valfosca, Ricardo<br \/>\nGarc\u00eda, Jorge Peloni, Juan Carlos Gabriel, Omar Pravisani, Roberto<br \/>\nBesso, \u201cChiche\u201d Bergamaschi, Jorge Omar Albertengo, Roxana Pola, Norma<br \/>\nGiordano, Elsa y Mar\u00eda del Carmen Salom\u00f3n.<br \/>\nEn este sentido, durante la presentaci\u00f3n el coordinador de Museos y<br \/>\nPatrimonio Hist\u00f3rico del municipio, Pablo Di Tomaso, explic\u00f3 que a ra\u00edz<br \/>\nde la investigaci\u00f3n para la realizaci\u00f3n del documental, se inici\u00f3 la<br \/>\ntramitaci\u00f3n ante organismos de derechos humanos para confirmar a la<br \/>\nquinta v\u00edctima de nuestra ciudad asesinada por el terrorismo de estado,<br \/>\nque se trata de Mar\u00eda del Rosario Spetale, quien se desempe\u00f1aba como<br \/>\nm\u00e9dica y profesora en la UNR. Una vez que se confirme este hecho se<br \/>\nplantar\u00e1 un roble en la Plaza de la Vida, lugar donde se recuerda a las<br \/>\nv\u00edctimas de la dictadura.<br \/>\nLa jornada finaliz\u00f3 con la presentaci\u00f3n del grupo Confusion, integrado<br \/>\npor Norberto Hern\u00e1ndez, Sergio \u00abTomy\u00bb Sosa, Orlando Peralta y Juancho<br \/>\nSosa.<\/p>\n","protected":false},"excerpt":{"rendered":"<p>El material fue realizado por el Museo Hist\u00f3rico y el \u00c1rea de Comunicaci\u00f3n Social, recopilando relatos detenidos, familiares y amigos de perseguidos y desaparecidos en ese per\u00edodo tr\u00e1gico del pa\u00eds. El material educativo ser\u00e1 entregado las escuelas. En el marco de las actividades por el 40\u00ba aniversario del golpe c\u00edvico militar de 1976 , en <a href=\"https:\/\/armstrongyregion.com.ar\/diario\/en-canada-se-presento-un-documental-inedito-con-testimonios-de-victimas-de-la-dictadura\/\" title=\"Read more\" >&#8230;<\/a><\/p>\n","protected":false},"author":2,"featured_media":6792,"comment_status":"open","ping_status":"open","sticky":false,"template":"","format":"standard","meta":{"_jetpack_memberships_contains_paid_content":false,"footnotes":"","jetpack_publicize_message":"","jetpack_publicize_feature_enabled":true,"jetpack_social_post_already_shared":false,"jetpack_social_options":{"image_generator_settings":{"template":"highway","default_image_id":0,"enabled":false},"version":2}},"categories":[6,1,3],"tags":[163,2510,15,3620,25,86,192],"class_list":["post-6791","post","type-post","status-publish","format-standard","has-post-thumbnail","hentry","category-cultura-entretenimiento","category-diario-armstrong","category-region","tag-canada","tag-documental","tag-en","tag-inedito","tag-presento","tag-se","tag-un"],"jetpack_publicize_connections":[],"jetpack_featured_media_url":"https:\/\/armstrongyregion.com.ar\/diario\/wp-content\/uploads\/2016\/03\/dictadura-2.jpg","jetpack_shortlink":"https:\/\/wp.me\/p62QDO-1Lx","jetpack_sharing_enabled":true,"amp_enabled":true,"_links":{"self":[{"href":"https:\/\/armstrongyregion.com.ar\/diario\/wp-json\/wp\/v2\/posts\/6791","targetHints":{"allow":["GET"]}}],"collection":[{"href":"https:\/\/armstrongyregion.com.ar\/diario\/wp-json\/wp\/v2\/posts"}],"about":[{"href":"https:\/\/armstrongyregion.com.ar\/diario\/wp-json\/wp\/v2\/types\/post"}],"author":[{"embeddable":true,"href":"https:\/\/armstrongyregion.com.ar\/diario\/wp-json\/wp\/v2\/users\/2"}],"replies":[{"embeddable":true,"href":"https:\/\/armstrongyregion.com.ar\/diario\/wp-json\/wp\/v2\/comments?post=6791"}],"version-history":[{"count":0,"href":"https:\/\/armstrongyregion.com.ar\/diario\/wp-json\/wp\/v2\/posts\/6791\/revisions"}],"wp:featuredmedia":[{"embeddable":true,"href":"https:\/\/armstrongyregion.com.ar\/diario\/wp-json\/wp\/v2\/media\/6792"}],"wp:attachment":[{"href":"https:\/\/armstrongyregion.com.ar\/diario\/wp-json\/wp\/v2\/media?parent=6791"}],"wp:term":[{"taxonomy":"category","embeddable":true,"href":"https:\/\/armstrongyregion.com.ar\/diario\/wp-json\/wp\/v2\/categories?post=6791"},{"taxonomy":"post_tag","embeddable":true,"href":"https:\/\/armstrongyregion.com.ar\/diario\/wp-json\/wp\/v2\/tags?post=6791"}],"curies":[{"name":"wp","href":"https:\/\/api.w.org\/{rel}","templated":true}]}}