{"id":6781,"date":"2016-03-24T03:42:13","date_gmt":"2016-03-24T03:42:13","guid":{"rendered":"https:\/\/armstrongyregion.com.ar\/diario\/?p=6781"},"modified":"2016-03-24T03:42:13","modified_gmt":"2016-03-24T03:42:13","slug":"dia-de-la-memoria-canada-se-moviliza-por-los-40-anos-del-golpe","status":"publish","type":"post","link":"https:\/\/armstrongyregion.com.ar\/diario\/dia-de-la-memoria-canada-se-moviliza-por-los-40-anos-del-golpe\/","title":{"rendered":"D\u00eda de la Memoria: Ca\u00f1ada se moviliza por los 40 a\u00f1os del golpe."},"content":{"rendered":"<p><a href=\"http:\/\/armstrongyregion.com.ar\/diario\/wp-content\/uploads\/2016\/03\/memoria-Ca\u00f1ada.jpg\"><img loading=\"lazy\" decoding=\"async\" src=\"http:\/\/armstrongyregion.com.ar\/diario\/wp-content\/uploads\/2016\/03\/memoria-Ca\u00f1ada.jpg\" alt=\"memoria-Ca\u00f1ada\" width=\"768\" height=\"511\" class=\"alignnone size-full wp-image-6782\" srcset=\"https:\/\/armstrongyregion.com.ar\/diario\/wp-content\/uploads\/2016\/03\/memoria-Ca\u00f1ada.jpg 768w, https:\/\/armstrongyregion.com.ar\/diario\/wp-content\/uploads\/2016\/03\/memoria-Ca\u00f1ada-300x200.jpg 300w\" sizes=\"auto, (max-width: 768px) 100vw, 768px\" \/><\/a>En Ca\u00f1ada de G\u00f3mez se programaron actividades para recordar el D\u00eda Nacional por la Verdad y la Justicia, a 40 a\u00f1os del golpe c\u00edvico-militar y 33 de la recuperaci\u00f3n de la democracia. Los actos oficiales hoy a las 10, en la plaza de la Vida.<br \/>\nEn Ca\u00f1ada de G\u00f3mez se programaron actividades para recordar el D\u00eda Nacional por la Verdad y la Justicia, a 40 a\u00f1os del golpe c\u00edvico-militar y 33 de la recuperaci\u00f3n de la democracia. Los actos oficiales comenzar\u00e1n hoy a las 10, en la plaza de la Vida, Balcarce al 800, frente a plaza San Mart\u00edn.<br \/>\nLa Asociaci\u00f3n de Derechos Humanos de Ca\u00f1ada program\u00f3 adem\u00e1s la presentaci\u00f3n del libro \u00abTitiriteros y dignidad a 40 a\u00f1os del golpe de Estado\u00bb, de Carlos Del Frade, a las 20, en la Biblioteca Rivadavia. Para el 13 de abril a las 20 y en la misma sede se organiz\u00f3 la presentaci\u00f3n del libro \u00abEl viento sigue soplando\u00bb, de Marianela Scocco, que cuenta la historia de las madres de plaza 25 de Mayo de Rosario. El 27 de ese mes, a las 20, tambi\u00e9n en la Biblioteca Rivadavia, Daniel Romano dar\u00e1 una charla-debate sobre el modelo agroindustrial y agroexportador, \u00abUna mirada socioambiental y los derechos humanos\u00bb.<br \/>\nLa Asociaci\u00f3n de Derechos Humanos de Ca\u00f1ada se re\u00fane en el mismo lugar cada 24 de marzo desde hace 19 a\u00f1os. All\u00ed se fund\u00f3, en 2002, la Plaza de la Vida. \u00abAdem\u00e1s del pasado de memoria, verdad y justicia tambi\u00e9n tomamos posturas con hechos de la actualidad, trabajamos sobre medio ambiente, la violencia que genera el Estado desde las fuerzas de seguridad, actividades culturales, compartimos en estos a\u00f1os mucho material a las escuelas, recibimos visitas de referentes militantes de derechos humanos de relevancia provincial y nacional\u00bb, cont\u00f3 Rub\u00e9n Moreno, integrante de la organizaci\u00f3n.<br \/>\n\u00abEn cada acto participan partidos pol\u00edticos, entidades intermedias, se lee nuestro documento sobre un an\u00e1lisis anual de la problem\u00e1tica social y se abre el micr\u00f3fono a los presentes que se puede expresar con total libertad. Es una de las pocas plazas del pa\u00eds que recuerda a las v\u00edctimas del terrorismo de Estado entre 1976 y 1983. All\u00ed hay tres robles que representan a las v\u00edctimas de la ciudad y a los 30 mil desaparecidos, un monolito, una mano hecha por artistas locales que representa a las madres e hijos nacidos en cautiverio en los campos de concentraci\u00f3n y juegos infantiles\u00bb, rese\u00f1\u00f3 Moreno.<br \/>\nFuente: La Capital.<\/p>\n","protected":false},"excerpt":{"rendered":"<p>En Ca\u00f1ada de G\u00f3mez se programaron actividades para recordar el D\u00eda Nacional por la Verdad y la Justicia, a 40 a\u00f1os del golpe c\u00edvico-militar y 33 de la recuperaci\u00f3n de la democracia. Los actos oficiales hoy a las 10, en la plaza de la Vida. En Ca\u00f1ada de G\u00f3mez se programaron actividades para recordar el <a href=\"https:\/\/armstrongyregion.com.ar\/diario\/dia-de-la-memoria-canada-se-moviliza-por-los-40-anos-del-golpe\/\" title=\"Read more\" >&#8230;<\/a><\/p>\n","protected":false},"author":2,"featured_media":6782,"comment_status":"open","ping_status":"open","sticky":false,"template":"","format":"standard","meta":{"_jetpack_memberships_contains_paid_content":false,"footnotes":"","jetpack_publicize_message":"","jetpack_publicize_feature_enabled":true,"jetpack_social_post_already_shared":false,"jetpack_social_options":{"image_generator_settings":{"template":"highway","default_image_id":0,"enabled":false},"version":2}},"categories":[6,1,7,3],"tags":[2994,197,163,19,53,3618,144,42,3617,60,86],"class_list":["post-6781","post","type-post","status-publish","format-standard","has-post-thumbnail","hentry","category-cultura-entretenimiento","category-diario-armstrong","category-politica","category-region","tag-2994","tag-anos","tag-canada","tag-de","tag-del","tag-estado","tag-golpe","tag-los","tag-mobiliza","tag-por","tag-se"],"jetpack_publicize_connections":[],"jetpack_featured_media_url":"https:\/\/armstrongyregion.com.ar\/diario\/wp-content\/uploads\/2016\/03\/memoria-Ca\u00f1ada.jpg","jetpack_shortlink":"https:\/\/wp.me\/p62QDO-1Ln","jetpack_sharing_enabled":true,"amp_enabled":true,"_links":{"self":[{"href":"https:\/\/armstrongyregion.com.ar\/diario\/wp-json\/wp\/v2\/posts\/6781","targetHints":{"allow":["GET"]}}],"collection":[{"href":"https:\/\/armstrongyregion.com.ar\/diario\/wp-json\/wp\/v2\/posts"}],"about":[{"href":"https:\/\/armstrongyregion.com.ar\/diario\/wp-json\/wp\/v2\/types\/post"}],"author":[{"embeddable":true,"href":"https:\/\/armstrongyregion.com.ar\/diario\/wp-json\/wp\/v2\/users\/2"}],"replies":[{"embeddable":true,"href":"https:\/\/armstrongyregion.com.ar\/diario\/wp-json\/wp\/v2\/comments?post=6781"}],"version-history":[{"count":0,"href":"https:\/\/armstrongyregion.com.ar\/diario\/wp-json\/wp\/v2\/posts\/6781\/revisions"}],"wp:featuredmedia":[{"embeddable":true,"href":"https:\/\/armstrongyregion.com.ar\/diario\/wp-json\/wp\/v2\/media\/6782"}],"wp:attachment":[{"href":"https:\/\/armstrongyregion.com.ar\/diario\/wp-json\/wp\/v2\/media?parent=6781"}],"wp:term":[{"taxonomy":"category","embeddable":true,"href":"https:\/\/armstrongyregion.com.ar\/diario\/wp-json\/wp\/v2\/categories?post=6781"},{"taxonomy":"post_tag","embeddable":true,"href":"https:\/\/armstrongyregion.com.ar\/diario\/wp-json\/wp\/v2\/tags?post=6781"}],"curies":[{"name":"wp","href":"https:\/\/api.w.org\/{rel}","templated":true}]}}