{"id":6770,"date":"2016-03-23T22:50:21","date_gmt":"2016-03-23T22:50:21","guid":{"rendered":"https:\/\/armstrongyregion.com.ar\/diario\/?p=6770"},"modified":"2016-03-23T22:50:21","modified_gmt":"2016-03-23T22:50:21","slug":"emiliano-gramigna-hay-que-dejar-de-discutir-politica-vacia-y-ponerse-a-trabajar-para-la-gente","status":"publish","type":"post","link":"https:\/\/armstrongyregion.com.ar\/diario\/emiliano-gramigna-hay-que-dejar-de-discutir-politica-vacia-y-ponerse-a-trabajar-para-la-gente\/","title":{"rendered":"Emiliano Gramigna: \u00bb Hay que dejar de discutir pol\u00edtica vac\u00eda y ponerse a trabajar para la gente\u00bb"},"content":{"rendered":"<p><a href=\"http:\/\/armstrongyregion.com.ar\/diario\/wp-content\/uploads\/2016\/03\/Concejal-Gramigna-1.jpg\"><img loading=\"lazy\" decoding=\"async\" src=\"http:\/\/armstrongyregion.com.ar\/diario\/wp-content\/uploads\/2016\/03\/Concejal-Gramigna-1.jpg\" alt=\"Concejal-Gramigna-\" width=\"768\" height=\"519\" class=\"alignnone size-full wp-image-6771\" srcset=\"https:\/\/armstrongyregion.com.ar\/diario\/wp-content\/uploads\/2016\/03\/Concejal-Gramigna-1.jpg 768w, https:\/\/armstrongyregion.com.ar\/diario\/wp-content\/uploads\/2016\/03\/Concejal-Gramigna-1-300x203.jpg 300w\" sizes=\"auto, (max-width: 768px) 100vw, 768px\" \/><\/a>En la \u00faltima sesi\u00f3n del Concejo se dio discusi\u00f3n a un viejo tema sobre el emplazamiento de la escuela t\u00e9cnica en la ciudad generando un debate pol\u00edtico que abarc\u00f3 gran parte de la sesi\u00f3n.<br \/>\nAl consultar el concejal Emiliano Gramigna  manifest\u00f3, \u00abCreo que hay que bajarle el tono a la discusi\u00f3n pol\u00edtica partidaria dentro del Concejo, imaginando que si esto ocurre en un momento que no es electoral,  el a\u00f1o entrante cuando haya dos o tres candidatos a intendente en el Concejo solo se va a discutir de pol\u00edtica vac\u00eda y se va a dejar de lado lo que a la gente le interesa que es resolverle los problemas que los aquejan diariamente\u00bb, para concluir t\u00e9rmino la idea expresando \u00abel pueblo me eligi\u00f3 para llevar su voz y sus reclamos y sus proyectos a las autoridades de la ciudad, para discutir pol\u00edticas partidarias est\u00e1n las campa\u00f1as, yo al Concejo entre para trabajar por mi ciudad y ese va a ser mi compromiso\u00bb, \u00bb Mientras se discuten pol\u00edticas sin sentido, nos estamos inundando, faltan los servicios esenciales y no tenemos seguridad&#8230; Al menos en mi gesti\u00f3n las prioridades son esas&#8230;\u00bb<br \/>\nEl Concejal present\u00f3 una minuta de comunicaci\u00f3n solicitando un informe sobre las maquinarias y automotores municipales, manifestando que las mismas se encuentran en muy mal estado y que hay que cuidarlas porque sin patrimonio de nuestra ciudad.<\/p>\n","protected":false},"excerpt":{"rendered":"<p>En la \u00faltima sesi\u00f3n del Concejo se dio discusi\u00f3n a un viejo tema sobre el emplazamiento de la escuela t\u00e9cnica en la ciudad generando un debate pol\u00edtico que abarc\u00f3 gran parte de la sesi\u00f3n. Al consultar el concejal Emiliano Gramigna manifest\u00f3, \u00abCreo que hay que bajarle el tono a la discusi\u00f3n pol\u00edtica partidaria dentro del <a href=\"https:\/\/armstrongyregion.com.ar\/diario\/emiliano-gramigna-hay-que-dejar-de-discutir-politica-vacia-y-ponerse-a-trabajar-para-la-gente\/\" title=\"Read more\" >&#8230;<\/a><\/p>\n","protected":false},"author":2,"featured_media":6771,"comment_status":"open","ping_status":"open","sticky":false,"template":"","format":"standard","meta":{"_jetpack_memberships_contains_paid_content":false,"footnotes":"","jetpack_publicize_message":"","jetpack_publicize_feature_enabled":true,"jetpack_social_post_already_shared":false,"jetpack_social_options":{"image_generator_settings":{"template":"highway","default_image_id":0,"enabled":false},"version":2}},"categories":[1,2,7,3],"tags":[33,19,2061,3614,562,1491,3616,108,3086,3615,13],"class_list":["post-6770","post","type-post","status-publish","format-standard","has-post-thumbnail","hentry","category-diario-armstrong","category-locales","category-politica","category-region","tag-a","tag-de","tag-dejar","tag-discutir","tag-hay","tag-politica-2","tag-ponerse","tag-que","tag-trabajar","tag-vacia","tag-y"],"jetpack_publicize_connections":[],"jetpack_featured_media_url":"https:\/\/armstrongyregion.com.ar\/diario\/wp-content\/uploads\/2016\/03\/Concejal-Gramigna-1.jpg","jetpack_shortlink":"https:\/\/wp.me\/p62QDO-1Lc","jetpack_sharing_enabled":true,"amp_enabled":true,"_links":{"self":[{"href":"https:\/\/armstrongyregion.com.ar\/diario\/wp-json\/wp\/v2\/posts\/6770","targetHints":{"allow":["GET"]}}],"collection":[{"href":"https:\/\/armstrongyregion.com.ar\/diario\/wp-json\/wp\/v2\/posts"}],"about":[{"href":"https:\/\/armstrongyregion.com.ar\/diario\/wp-json\/wp\/v2\/types\/post"}],"author":[{"embeddable":true,"href":"https:\/\/armstrongyregion.com.ar\/diario\/wp-json\/wp\/v2\/users\/2"}],"replies":[{"embeddable":true,"href":"https:\/\/armstrongyregion.com.ar\/diario\/wp-json\/wp\/v2\/comments?post=6770"}],"version-history":[{"count":0,"href":"https:\/\/armstrongyregion.com.ar\/diario\/wp-json\/wp\/v2\/posts\/6770\/revisions"}],"wp:featuredmedia":[{"embeddable":true,"href":"https:\/\/armstrongyregion.com.ar\/diario\/wp-json\/wp\/v2\/media\/6771"}],"wp:attachment":[{"href":"https:\/\/armstrongyregion.com.ar\/diario\/wp-json\/wp\/v2\/media?parent=6770"}],"wp:term":[{"taxonomy":"category","embeddable":true,"href":"https:\/\/armstrongyregion.com.ar\/diario\/wp-json\/wp\/v2\/categories?post=6770"},{"taxonomy":"post_tag","embeddable":true,"href":"https:\/\/armstrongyregion.com.ar\/diario\/wp-json\/wp\/v2\/tags?post=6770"}],"curies":[{"name":"wp","href":"https:\/\/api.w.org\/{rel}","templated":true}]}}