{"id":676,"date":"2015-02-02T12:18:23","date_gmt":"2015-02-02T12:18:23","guid":{"rendered":"https:\/\/armstrongyregion.com.ar\/diario\/?p=676"},"modified":"2015-02-02T12:18:23","modified_gmt":"2015-02-02T12:18:23","slug":"armstrong-inscripcion-abierta-para-feriantes-2015","status":"publish","type":"post","link":"https:\/\/armstrongyregion.com.ar\/diario\/armstrong-inscripcion-abierta-para-feriantes-2015\/","title":{"rendered":"Armstrong. Inscripci\u00f3n abierta para feriantes 2015."},"content":{"rendered":"<p><a href=\"http:\/\/armstrongyregion.com.ar\/diario\/wp-content\/uploads\/2015\/02\/saboresycoloresinscripcion2015.jpg\"><img loading=\"lazy\" decoding=\"async\" class=\"alignnone size-medium wp-image-677\" src=\"http:\/\/armstrongyregion.com.ar\/diario\/wp-content\/uploads\/2015\/02\/saboresycoloresinscripcion2015-300x205.jpg\" alt=\"saboresycoloresinscripcion2015\" width=\"300\" height=\"205\" srcset=\"https:\/\/armstrongyregion.com.ar\/diario\/wp-content\/uploads\/2015\/02\/saboresycoloresinscripcion2015-300x205.jpg 300w, https:\/\/armstrongyregion.com.ar\/diario\/wp-content\/uploads\/2015\/02\/saboresycoloresinscripcion2015.jpg 730w\" sizes=\"auto, (max-width: 300px) 100vw, 300px\" \/><\/a>La Secretar\u00eda de Desarrollo Econ\u00f3mico y Productivo, informa que esta abierta la inscripci\u00f3n para feriantes que deseen participar de Sabores y Colores Locales en el transcurso del a\u00f1o.<\/p>\n<p>Asimismo, el d\u00eda mi\u00e9rcoles 4 de febrero a las 20 horas, se realizar\u00e1 una reuni\u00f3n informativa en el Auditorio Municipal Delmo Dar\u00f3, para plantear a los interesados los beneficios a los que podr\u00e1n acceder, que abarcan desde microcr\u00e9ditos hasta capacitaciones.<\/p>\n<p>Los interesados podr\u00e1n acercarse a la mencionada secretar\u00eda, de lunes a viernes, de 7 a 12,30 horas, o bien v\u00eda mail a brendacarmona@armstrong.gob.ar.<\/p>\n","protected":false},"excerpt":{"rendered":"<p>La Secretar\u00eda de Desarrollo Econ\u00f3mico y Productivo, informa que esta abierta la inscripci\u00f3n para feriantes que deseen participar de Sabores y Colores Locales en el transcurso del a\u00f1o. Asimismo, el d\u00eda mi\u00e9rcoles 4 de febrero a las 20 horas, se realizar\u00e1 una reuni\u00f3n informativa en el Auditorio Municipal Delmo Dar\u00f3, para plantear a los interesados <a href=\"https:\/\/armstrongyregion.com.ar\/diario\/armstrong-inscripcion-abierta-para-feriantes-2015\/\" title=\"Read more\" >&#8230;<\/a><\/p>\n","protected":false},"author":2,"featured_media":677,"comment_status":"open","ping_status":"open","sticky":false,"template":"","format":"standard","meta":{"_jetpack_memberships_contains_paid_content":false,"footnotes":"","jetpack_publicize_message":"","jetpack_publicize_feature_enabled":true,"jetpack_social_post_already_shared":false,"jetpack_social_options":{"image_generator_settings":{"template":"highway","default_image_id":0,"enabled":false},"version":2}},"categories":[1,2],"tags":[214,433,676,677,81],"class_list":["post-676","post","type-post","status-publish","format-standard","has-post-thumbnail","hentry","category-diario-armstrong","category-locales","tag-214","tag-abierta","tag-armstrong-inscripcion","tag-feriantes","tag-para"],"jetpack_publicize_connections":[],"jetpack_featured_media_url":"https:\/\/armstrongyregion.com.ar\/diario\/wp-content\/uploads\/2015\/02\/saboresycoloresinscripcion2015.jpg","jetpack_shortlink":"https:\/\/wp.me\/p62QDO-aU","jetpack_sharing_enabled":true,"amp_enabled":true,"_links":{"self":[{"href":"https:\/\/armstrongyregion.com.ar\/diario\/wp-json\/wp\/v2\/posts\/676","targetHints":{"allow":["GET"]}}],"collection":[{"href":"https:\/\/armstrongyregion.com.ar\/diario\/wp-json\/wp\/v2\/posts"}],"about":[{"href":"https:\/\/armstrongyregion.com.ar\/diario\/wp-json\/wp\/v2\/types\/post"}],"author":[{"embeddable":true,"href":"https:\/\/armstrongyregion.com.ar\/diario\/wp-json\/wp\/v2\/users\/2"}],"replies":[{"embeddable":true,"href":"https:\/\/armstrongyregion.com.ar\/diario\/wp-json\/wp\/v2\/comments?post=676"}],"version-history":[{"count":0,"href":"https:\/\/armstrongyregion.com.ar\/diario\/wp-json\/wp\/v2\/posts\/676\/revisions"}],"wp:featuredmedia":[{"embeddable":true,"href":"https:\/\/armstrongyregion.com.ar\/diario\/wp-json\/wp\/v2\/media\/677"}],"wp:attachment":[{"href":"https:\/\/armstrongyregion.com.ar\/diario\/wp-json\/wp\/v2\/media?parent=676"}],"wp:term":[{"taxonomy":"category","embeddable":true,"href":"https:\/\/armstrongyregion.com.ar\/diario\/wp-json\/wp\/v2\/categories?post=676"},{"taxonomy":"post_tag","embeddable":true,"href":"https:\/\/armstrongyregion.com.ar\/diario\/wp-json\/wp\/v2\/tags?post=676"}],"curies":[{"name":"wp","href":"https:\/\/api.w.org\/{rel}","templated":true}]}}