{"id":6759,"date":"2016-03-23T22:36:00","date_gmt":"2016-03-23T22:36:00","guid":{"rendered":"https:\/\/armstrongyregion.com.ar\/diario\/?p=6759"},"modified":"2016-03-23T22:36:00","modified_gmt":"2016-03-23T22:36:00","slug":"augusto-fischer-lo-que-queremos-saberes-que-paso-con-el-terreno-de-la-esc-tecnica","status":"publish","type":"post","link":"https:\/\/armstrongyregion.com.ar\/diario\/augusto-fischer-lo-que-queremos-saberes-que-paso-con-el-terreno-de-la-esc-tecnica\/","title":{"rendered":"Augusto Fischer: \u201cLo que queremos saber\u2026es que pas\u00f3 con el terreno de la Esc. T\u00e9cnica\u201d."},"content":{"rendered":"<p><a href=\"http:\/\/armstrongyregion.com.ar\/diario\/wp-content\/uploads\/2016\/03\/Augusto-Fischer1.jpg\"><img loading=\"lazy\" decoding=\"async\" src=\"http:\/\/armstrongyregion.com.ar\/diario\/wp-content\/uploads\/2016\/03\/Augusto-Fischer1.jpg\" alt=\"Augusto Fischer\" width=\"768\" height=\"490\" class=\"alignnone size-full wp-image-6760\" srcset=\"https:\/\/armstrongyregion.com.ar\/diario\/wp-content\/uploads\/2016\/03\/Augusto-Fischer1.jpg 768w, https:\/\/armstrongyregion.com.ar\/diario\/wp-content\/uploads\/2016\/03\/Augusto-Fischer1-300x191.jpg 300w\" sizes=\"auto, (max-width: 768px) 100vw, 768px\" \/><\/a>El concejal Dr. Augusto Fischer, present\u00f3 tres minutas de comunicaci\u00f3n, una de ellas  la cual genero un debate intenso,  solicita  informaci\u00f3n sobre el terreno de la Esc. T\u00e9cnica N\u00b0 291 Fray Luis Beltr\u00e1n.<br \/>\nEl edil nos dec\u00eda, \u201cLo que queremos saber\u2026es que pas\u00f3 con el terreno de la Esc. T\u00e9cnica\u201d. Nos enteramos que ese terreno (de calle Juan Manuel de Rosas) fue rechazado por un organismo provincial,  el Ministerio de Educaci\u00f3n lo rechaz\u00f3, queremos saber porque fue rechazado, porque ese terreno es vital para la construcci\u00f3n de la Escuela T\u00e9cnica\u201d.<br \/>\nSiguiendo la misma l\u00ednea de discurso expres\u00f3, \u201cTambi\u00e9n queremos saber que paso con el expediente, si ese no sirve\u2026deber\u00edamos buscar otro terreno\u201d.<\/p>\n","protected":false},"excerpt":{"rendered":"<p>El concejal Dr. Augusto Fischer, present\u00f3 tres minutas de comunicaci\u00f3n, una de ellas la cual genero un debate intenso, solicita informaci\u00f3n sobre el terreno de la Esc. T\u00e9cnica N\u00b0 291 Fray Luis Beltr\u00e1n. El edil nos dec\u00eda, \u201cLo que queremos saber\u2026es que pas\u00f3 con el terreno de la Esc. T\u00e9cnica\u201d. Nos enteramos que ese terreno <a href=\"https:\/\/armstrongyregion.com.ar\/diario\/augusto-fischer-lo-que-queremos-saberes-que-paso-con-el-terreno-de-la-esc-tecnica\/\" title=\"Read more\" >&#8230;<\/a><\/p>\n","protected":false},"author":2,"featured_media":6760,"comment_status":"open","ping_status":"open","sticky":false,"template":"","format":"standard","meta":{"_jetpack_memberships_contains_paid_content":false,"footnotes":"","jetpack_publicize_message":"","jetpack_publicize_feature_enabled":true,"jetpack_social_post_already_shared":false,"jetpack_social_options":{"image_generator_settings":{"template":"highway","default_image_id":0,"enabled":false},"version":2}},"categories":[8,1,2,7,3],"tags":[181,100,19,16,139,744,31,1109,932,108,3610,1606,1102],"class_list":["post-6759","post","type-post","status-publish","format-standard","has-post-thumbnail","hentry","category-deliberando","category-diario-armstrong","category-locales","category-politica","category-region","tag-queremos","tag-con","tag-de","tag-el","tag-es","tag-escuela","tag-la","tag-lo","tag-paso","tag-que","tag-saber","tag-tecnica","tag-terreno"],"jetpack_publicize_connections":[],"jetpack_featured_media_url":"https:\/\/armstrongyregion.com.ar\/diario\/wp-content\/uploads\/2016\/03\/Augusto-Fischer1.jpg","jetpack_shortlink":"https:\/\/wp.me\/p62QDO-1L1","jetpack_sharing_enabled":true,"amp_enabled":true,"_links":{"self":[{"href":"https:\/\/armstrongyregion.com.ar\/diario\/wp-json\/wp\/v2\/posts\/6759","targetHints":{"allow":["GET"]}}],"collection":[{"href":"https:\/\/armstrongyregion.com.ar\/diario\/wp-json\/wp\/v2\/posts"}],"about":[{"href":"https:\/\/armstrongyregion.com.ar\/diario\/wp-json\/wp\/v2\/types\/post"}],"author":[{"embeddable":true,"href":"https:\/\/armstrongyregion.com.ar\/diario\/wp-json\/wp\/v2\/users\/2"}],"replies":[{"embeddable":true,"href":"https:\/\/armstrongyregion.com.ar\/diario\/wp-json\/wp\/v2\/comments?post=6759"}],"version-history":[{"count":0,"href":"https:\/\/armstrongyregion.com.ar\/diario\/wp-json\/wp\/v2\/posts\/6759\/revisions"}],"wp:featuredmedia":[{"embeddable":true,"href":"https:\/\/armstrongyregion.com.ar\/diario\/wp-json\/wp\/v2\/media\/6760"}],"wp:attachment":[{"href":"https:\/\/armstrongyregion.com.ar\/diario\/wp-json\/wp\/v2\/media?parent=6759"}],"wp:term":[{"taxonomy":"category","embeddable":true,"href":"https:\/\/armstrongyregion.com.ar\/diario\/wp-json\/wp\/v2\/categories?post=6759"},{"taxonomy":"post_tag","embeddable":true,"href":"https:\/\/armstrongyregion.com.ar\/diario\/wp-json\/wp\/v2\/tags?post=6759"}],"curies":[{"name":"wp","href":"https:\/\/api.w.org\/{rel}","templated":true}]}}