{"id":6750,"date":"2016-03-23T17:16:41","date_gmt":"2016-03-23T17:16:41","guid":{"rendered":"https:\/\/armstrongyregion.com.ar\/diario\/?p=6750"},"modified":"2016-03-23T17:16:41","modified_gmt":"2016-03-23T17:16:41","slug":"quienes-seran-beneficiados-con-la-tarifa-social-de-luz-requisitos","status":"publish","type":"post","link":"https:\/\/armstrongyregion.com.ar\/diario\/quienes-seran-beneficiados-con-la-tarifa-social-de-luz-requisitos\/","title":{"rendered":"Qui\u00e9nes ser\u00e1n beneficiados con la tarifa social de luz. Requisitos."},"content":{"rendered":"<p><a href=\"http:\/\/armstrongyregion.com.ar\/diario\/wp-content\/uploads\/2016\/03\/T00_electricidad-0024.jpg\"><img loading=\"lazy\" decoding=\"async\" src=\"http:\/\/armstrongyregion.com.ar\/diario\/wp-content\/uploads\/2016\/03\/T00_electricidad-0024.jpg\" alt=\"T00_electricidad- \" width=\"662\" height=\"300\" class=\"alignnone size-full wp-image-6751\" srcset=\"https:\/\/armstrongyregion.com.ar\/diario\/wp-content\/uploads\/2016\/03\/T00_electricidad-0024.jpg 662w, https:\/\/armstrongyregion.com.ar\/diario\/wp-content\/uploads\/2016\/03\/T00_electricidad-0024-300x136.jpg 300w\" sizes=\"auto, (max-width: 662px) 100vw, 662px\" \/><\/a>Como es de p\u00fablico conocimiento, el Gobierno Nacional, ha establecido una nueva categor\u00eda tarifaria que ha denominado social, a la cual se tiene derecho a acceder si se cumplen una serie de requisitos<br \/>\nEsta nueva tarifa ser\u00e1 de aplicaci\u00f3n  en el caso puntual de nuestra provincia  a partir de los consumos de marzo de 2016 cuyo vencimiento opera en mayo del 2016.<br \/>\n\u00bfCu\u00e1les son los requisitos que debe cumplirse para acceder a Tarifa Social?<br \/>\n\u2022 EN PRIMER LUGAR, EL SUMINISTRO DEBE ESTAR A NOMBRE DE LA PERSONA QUE RECIBE EL SUBSIDIO.<br \/>\nCumpliendo con esto, debe  estar comprendido dentro de una de las condiciones siguientes:<br \/>\n\u2022 SER JUBILADO O PENSIONADO POR UN MONTO  MENOR O IGUAL A DOS VECES EL HABER M\u00cdNIMO NACIONAL. ($8598)<br \/>\n\u2022 PERSONAS CON EMPLEO EN RELACI\u00d3N DE DEPENDENCIA, QUE PERCIBEN UNA REMUNERACI\u00d3N BRUTA MENOR O IGUAL A 2 SALARIOS M\u00cdNIMOS VITAL Y M\u00d3VIL ($12.120).<br \/>\n\u2022 SER TITULAR DE PROGRAMAS SOCIALES.<br \/>\n\u2022 ESTAR INSCRIPTO EN EL R\u00c9GIMEN DE MONOTRIBUTO SOCIAL.<br \/>\n\u2022 ESTAR INCORPORADO EN EL R\u00c9GIMEN ESPECIAL DE SEGURIDAD SOCIAL PARA EMPLEADOS DEL SERVICIO DOM\u00c9STICO (ART\u00cdCULO 21 DE LA LEY N\u00b0 25.239).<br \/>\n\u2022 ESTAR PERCIBIENDO EL SEGURO DE DESEMPLEO.<br \/>\n\u2022 CONTAR CON CERTIFICADO DE DISCAPACIDAD.<br \/>\nAdem\u00e1s se deben cumplir estas condiciones:<br \/>\n&#8211;\tNo figurar en el cruce con Padr\u00f3n de Fallecidos<br \/>\n&#8211;\tNo ser titular de m\u00e1s de un inmueble (Registro de Propiedad Inmueble)<br \/>\n&#8211;\tNo poseer automotores de menos de 15 a\u00f1os de antig\u00fcedad (Registro Automotor)<br \/>\n&#8211;\tNo poseer embarcaciones o aeronaves<br \/>\nNuestra Cooperativa en las pr\u00f3ximas semanas recibir\u00e1 informaci\u00f3n del Estado Nacional a trav\u00e9s de la Direcci\u00f3n Nacional SINTYS (Sistema de Identificaci\u00f3n Nacional Tributario y Social) de qui\u00e9nes son los usuarios a los que les corresponder\u00e1 su inclusi\u00f3n en la tarifa social. Si despu\u00e9s de recibida esa informaci\u00f3n alg\u00fan usuario que no se encuentre incluido considera que debe ser beneficiario de dicha tarifa, podr\u00e1 efectuar el tr\u00e1mite de solicitud de inclusi\u00f3n en esta Cooperativa para que el Estado revea su situaci\u00f3n.<\/p>\n","protected":false},"excerpt":{"rendered":"<p>Como es de p\u00fablico conocimiento, el Gobierno Nacional, ha establecido una nueva categor\u00eda tarifaria que ha denominado social, a la cual se tiene derecho a acceder si se cumplen una serie de requisitos Esta nueva tarifa ser\u00e1 de aplicaci\u00f3n en el caso puntual de nuestra provincia a partir de los consumos de marzo de 2016 <a href=\"https:\/\/armstrongyregion.com.ar\/diario\/quienes-seran-beneficiados-con-la-tarifa-social-de-luz-requisitos\/\" title=\"Read more\" >&#8230;<\/a><\/p>\n","protected":false},"author":2,"featured_media":6751,"comment_status":"open","ping_status":"open","sticky":false,"template":"","format":"standard","meta":{"_jetpack_memberships_contains_paid_content":false,"footnotes":"","jetpack_publicize_message":"","jetpack_publicize_feature_enabled":true,"jetpack_social_post_already_shared":false,"jetpack_social_options":{"image_generator_settings":{"template":"highway","default_image_id":0,"enabled":false},"version":2}},"categories":[1,2,3],"tags":[3126,100,19,31,880,3079,3604,3603,1111,3602],"class_list":["post-6750","post","type-post","status-publish","format-standard","has-post-thumbnail","hentry","category-diario-armstrong","category-locales","category-region","tag-beneficiados","tag-con","tag-de","tag-la","tag-luz","tag-quienes","tag-requisitos","tag-seran","tag-social","tag-tarifa"],"jetpack_publicize_connections":[],"jetpack_featured_media_url":"https:\/\/armstrongyregion.com.ar\/diario\/wp-content\/uploads\/2016\/03\/T00_electricidad-0024.jpg","jetpack_shortlink":"https:\/\/wp.me\/p62QDO-1KS","jetpack_sharing_enabled":true,"amp_enabled":true,"_links":{"self":[{"href":"https:\/\/armstrongyregion.com.ar\/diario\/wp-json\/wp\/v2\/posts\/6750","targetHints":{"allow":["GET"]}}],"collection":[{"href":"https:\/\/armstrongyregion.com.ar\/diario\/wp-json\/wp\/v2\/posts"}],"about":[{"href":"https:\/\/armstrongyregion.com.ar\/diario\/wp-json\/wp\/v2\/types\/post"}],"author":[{"embeddable":true,"href":"https:\/\/armstrongyregion.com.ar\/diario\/wp-json\/wp\/v2\/users\/2"}],"replies":[{"embeddable":true,"href":"https:\/\/armstrongyregion.com.ar\/diario\/wp-json\/wp\/v2\/comments?post=6750"}],"version-history":[{"count":0,"href":"https:\/\/armstrongyregion.com.ar\/diario\/wp-json\/wp\/v2\/posts\/6750\/revisions"}],"wp:featuredmedia":[{"embeddable":true,"href":"https:\/\/armstrongyregion.com.ar\/diario\/wp-json\/wp\/v2\/media\/6751"}],"wp:attachment":[{"href":"https:\/\/armstrongyregion.com.ar\/diario\/wp-json\/wp\/v2\/media?parent=6750"}],"wp:term":[{"taxonomy":"category","embeddable":true,"href":"https:\/\/armstrongyregion.com.ar\/diario\/wp-json\/wp\/v2\/categories?post=6750"},{"taxonomy":"post_tag","embeddable":true,"href":"https:\/\/armstrongyregion.com.ar\/diario\/wp-json\/wp\/v2\/tags?post=6750"}],"curies":[{"name":"wp","href":"https:\/\/api.w.org\/{rel}","templated":true}]}}