{"id":6747,"date":"2016-03-23T17:13:09","date_gmt":"2016-03-23T17:13:09","guid":{"rendered":"https:\/\/armstrongyregion.com.ar\/diario\/?p=6747"},"modified":"2016-03-23T17:13:09","modified_gmt":"2016-03-23T17:13:09","slug":"cooperativa-de-armstrong-aumento-de-energia-y-tarifa-social","status":"publish","type":"post","link":"https:\/\/armstrongyregion.com.ar\/diario\/cooperativa-de-armstrong-aumento-de-energia-y-tarifa-social\/","title":{"rendered":"Cooperativa de Armstrong: Aumento de energ\u00eda y Tarifa Social."},"content":{"rendered":"<p><a href=\"http:\/\/armstrongyregion.com.ar\/diario\/wp-content\/uploads\/2016\/03\/Ing.-Airasca.jpg\"><img loading=\"lazy\" decoding=\"async\" src=\"http:\/\/armstrongyregion.com.ar\/diario\/wp-content\/uploads\/2016\/03\/Ing.-Airasca.jpg\" alt=\"Ing. Airasca\" width=\"3017\" height=\"2027\" class=\"alignnone size-full wp-image-6748\" srcset=\"https:\/\/armstrongyregion.com.ar\/diario\/wp-content\/uploads\/2016\/03\/Ing.-Airasca.jpg 3017w, https:\/\/armstrongyregion.com.ar\/diario\/wp-content\/uploads\/2016\/03\/Ing.-Airasca-300x202.jpg 300w, https:\/\/armstrongyregion.com.ar\/diario\/wp-content\/uploads\/2016\/03\/Ing.-Airasca-1024x688.jpg 1024w\" sizes=\"auto, (max-width: 3017px) 100vw, 3017px\" \/><\/a>El Ing. Ricardo Airasca, gerente de la Cooperativa de Obras y Servicios P\u00fablicos, en conferencia de prensa expres\u00f3, \u201cQuer\u00eda aclarar dos temas primeramente el aumento de tarifa debido al quite de subsidio porque hay inquietud en la gente y el otro tema es la tarifa social que se va a implementar a partir del mes que viene que puede ser alcanzado por muchas personas tal como lo anticipo el gobierno nacional\u201d<br \/>\nLas facturas con el aumento se distribuyen a partir del mes de marzo, cada tarifa incluye ajuste a igual consumo del mes de enero. Si se gast\u00f3 de la misma forma la energ\u00eda,  ninguna factura puede sobrepasar el 60% de aumento. Porque el incremento se debe a la energ\u00eda el\u00e9ctrica no incluye aumento el agua potable ni los servicios de sepelio.<br \/>\nEn concreto el aumento  puede ir entre un 15% y como m\u00e1ximo un 60% no m\u00e1s de eso,  en caso contrario es porque ha incrementado el consumo o hay alg\u00fan otro problema.<br \/>\nY con respecto a la Tarifa Social se tienen que cumplir una serie de requisitos que estar\u00e1n impresos en la siguiente nota. <\/p>\n","protected":false},"excerpt":{"rendered":"<p>El Ing. Ricardo Airasca, gerente de la Cooperativa de Obras y Servicios P\u00fablicos, en conferencia de prensa expres\u00f3, \u201cQuer\u00eda aclarar dos temas primeramente el aumento de tarifa debido al quite de subsidio porque hay inquietud en la gente y el otro tema es la tarifa social que se va a implementar a partir del mes <a href=\"https:\/\/armstrongyregion.com.ar\/diario\/cooperativa-de-armstrong-aumento-de-energia-y-tarifa-social\/\" title=\"Read more\" >&#8230;<\/a><\/p>\n","protected":false},"author":2,"featured_media":6748,"comment_status":"open","ping_status":"open","sticky":false,"template":"","format":"standard","meta":{"_jetpack_memberships_contains_paid_content":false,"footnotes":"","jetpack_publicize_message":"","jetpack_publicize_feature_enabled":true,"jetpack_social_post_already_shared":false,"jetpack_social_options":{"image_generator_settings":{"template":"highway","default_image_id":0,"enabled":false},"version":2}},"categories":[1,2,3],"tags":[20,1234,3222,19,1800,1111,3602,13],"class_list":["post-6747","post","type-post","status-publish","format-standard","has-post-thumbnail","hentry","category-diario-armstrong","category-locales","category-region","tag-armstrong","tag-aumento","tag-cooperativa","tag-de","tag-energia","tag-social","tag-tarifa","tag-y"],"jetpack_publicize_connections":[],"jetpack_featured_media_url":"https:\/\/armstrongyregion.com.ar\/diario\/wp-content\/uploads\/2016\/03\/Ing.-Airasca.jpg","jetpack_shortlink":"https:\/\/wp.me\/p62QDO-1KP","jetpack_sharing_enabled":true,"amp_enabled":true,"_links":{"self":[{"href":"https:\/\/armstrongyregion.com.ar\/diario\/wp-json\/wp\/v2\/posts\/6747","targetHints":{"allow":["GET"]}}],"collection":[{"href":"https:\/\/armstrongyregion.com.ar\/diario\/wp-json\/wp\/v2\/posts"}],"about":[{"href":"https:\/\/armstrongyregion.com.ar\/diario\/wp-json\/wp\/v2\/types\/post"}],"author":[{"embeddable":true,"href":"https:\/\/armstrongyregion.com.ar\/diario\/wp-json\/wp\/v2\/users\/2"}],"replies":[{"embeddable":true,"href":"https:\/\/armstrongyregion.com.ar\/diario\/wp-json\/wp\/v2\/comments?post=6747"}],"version-history":[{"count":0,"href":"https:\/\/armstrongyregion.com.ar\/diario\/wp-json\/wp\/v2\/posts\/6747\/revisions"}],"wp:featuredmedia":[{"embeddable":true,"href":"https:\/\/armstrongyregion.com.ar\/diario\/wp-json\/wp\/v2\/media\/6748"}],"wp:attachment":[{"href":"https:\/\/armstrongyregion.com.ar\/diario\/wp-json\/wp\/v2\/media?parent=6747"}],"wp:term":[{"taxonomy":"category","embeddable":true,"href":"https:\/\/armstrongyregion.com.ar\/diario\/wp-json\/wp\/v2\/categories?post=6747"},{"taxonomy":"post_tag","embeddable":true,"href":"https:\/\/armstrongyregion.com.ar\/diario\/wp-json\/wp\/v2\/tags?post=6747"}],"curies":[{"name":"wp","href":"https:\/\/api.w.org\/{rel}","templated":true}]}}