{"id":6707,"date":"2016-03-21T22:32:59","date_gmt":"2016-03-21T22:32:59","guid":{"rendered":"https:\/\/armstrongyregion.com.ar\/diario\/?p=6707"},"modified":"2016-03-21T22:32:59","modified_gmt":"2016-03-21T22:32:59","slug":"la-intendenta-clerici-inauguro-el-centro-integrador-comunitario","status":"publish","type":"post","link":"https:\/\/armstrongyregion.com.ar\/diario\/la-intendenta-clerici-inauguro-el-centro-integrador-comunitario\/","title":{"rendered":"La intendenta Cl\u00e9rici inaugur\u00f3 el Centro Integrador Comunitario."},"content":{"rendered":"<p><a href=\"http:\/\/armstrongyregion.com.ar\/diario\/wp-content\/uploads\/2016\/03\/Centro-Comunitario-.jpg\"><img loading=\"lazy\" decoding=\"async\" src=\"http:\/\/armstrongyregion.com.ar\/diario\/wp-content\/uploads\/2016\/03\/Centro-Comunitario-.jpg\" alt=\"Centro-Comunitario-\" width=\"768\" height=\"512\" class=\"alignnone size-full wp-image-6708\" srcset=\"https:\/\/armstrongyregion.com.ar\/diario\/wp-content\/uploads\/2016\/03\/Centro-Comunitario-.jpg 768w, https:\/\/armstrongyregion.com.ar\/diario\/wp-content\/uploads\/2016\/03\/Centro-Comunitario--300x200.jpg 300w\" sizes=\"auto, (max-width: 768px) 100vw, 768px\" \/><\/a>Atender\u00e1 demandas de salud primaria, sociales y recreativas. Se trata de una completa delegaci\u00f3n norte del municipio, con prestaci\u00f3n de<br \/>\nnumerosos servicios municipales. El municipio lo nombr\u00f3 Dr. Javier Fern\u00e1ndez, en homenaje al pediatra local.<\/p>\n<p>Acompa\u00f1ada por un centenar de instituciones, autoridades gubernamentales y vecinos de la zona norte, la intendenta Stella Cl\u00e9rici<br \/>\ndej\u00f3 formalmente inaugurado el Centro Integrador Comunitario, ubicado en<br \/>\nCol\u00f3n y Avellaneda.<br \/>\nLa obra fue gestionada de forma integral durante mucho tiempo por la actual administraci\u00f3n municipal ante el estado nacional y llevar\u00e1 el<br \/>\nnombre de Dr. Javier Fern\u00e1ndez, en homenaje al reconocido pediatra local. \u201cFinalmente hoy es una realidad para miles de vecinos del norte<br \/>\nque se beneficiar\u00e1n con la presencia de este lugar especial y recordado como un espacio de dolor y que hoy es un espacio de salud en todas las<br \/>\nperspectivas, un lugar que el barrio va a utilizar mucho,\u201d, expres\u00f3 Cl\u00e9rici.<br \/>\n\u201cFaltan cosas pero otras se est\u00e1n concretando y se suman a este norte<br \/>\ncreciente en infraestructura con el Jard\u00edn Maternal y el Jard\u00edn<br \/>\nBarrilete de Colores por el cual seguimos gestionando\u201d, agreg\u00f3.<br \/>\nEn el CIC Funcionar\u00e1 el gabinete deportol\u00f3gico complementado con<br \/>\natenci\u00f3n odontol\u00f3gica y oftalmol\u00f3gica, un sal\u00f3n de usos m\u00faltiples donde<br \/>\nse desarrollar\u00e1n algunas de las disciplinas de las escuelas municipales,<br \/>\nuna caja de cobro de Santa Fe Servicios,Defensor\u00eda del Pueblo y atenci\u00f3n<br \/>\nal p\u00fablico, favoreciendo a la descentralizaci\u00f3n de la administraci\u00f3n<br \/>\nmunicipal.<br \/>\n\u201cEs un lugar donde la gente va a poder pagar servicios y tener atenci\u00f3n<br \/>\nmunicipal y entre todos le vamos a ir incorporando actividades y usos\u201d,<br \/>\nmanifest\u00f3 Cl\u00e9rici quien finalmente se refiri\u00f3 al m\u00e9dico que le da nombre<br \/>\nal CIC: \u201cEste es un lugar recuperado desde el esfuerzo y el amor y lleva<br \/>\nel nombre de alguien que se hizo grande a trav\u00e9s de los chicos, alguien<br \/>\nmuy especial a quien querer como es el Dr. Javier Fern\u00e1ndez\u201d.<\/p>\n","protected":false},"excerpt":{"rendered":"<p>Atender\u00e1 demandas de salud primaria, sociales y recreativas. Se trata de una completa delegaci\u00f3n norte del municipio, con prestaci\u00f3n de numerosos servicios municipales. El municipio lo nombr\u00f3 Dr. Javier Fern\u00e1ndez, en homenaje al pediatra local. Acompa\u00f1ada por un centenar de instituciones, autoridades gubernamentales y vecinos de la zona norte, la intendenta Stella Cl\u00e9rici dej\u00f3 formalmente <a href=\"https:\/\/armstrongyregion.com.ar\/diario\/la-intendenta-clerici-inauguro-el-centro-integrador-comunitario\/\" title=\"Read more\" >&#8230;<\/a><\/p>\n","protected":false},"author":2,"featured_media":6708,"comment_status":"open","ping_status":"open","sticky":false,"template":"","format":"standard","meta":{"_jetpack_memberships_contains_paid_content":false,"footnotes":"","jetpack_publicize_message":"","jetpack_publicize_feature_enabled":true,"jetpack_social_post_already_shared":false,"jetpack_social_options":{"image_generator_settings":{"template":"highway","default_image_id":0,"enabled":false},"version":2}},"categories":[1,3],"tags":[21,83,1000,1028],"class_list":["post-6707","post","type-post","status-publish","format-standard","has-post-thumbnail","hentry","category-diario-armstrong","category-region","tag-centro","tag-clerici","tag-comunitario","tag-inauguro"],"jetpack_publicize_connections":[],"jetpack_featured_media_url":"https:\/\/armstrongyregion.com.ar\/diario\/wp-content\/uploads\/2016\/03\/Centro-Comunitario-.jpg","jetpack_shortlink":"https:\/\/wp.me\/p62QDO-1Kb","jetpack_sharing_enabled":true,"amp_enabled":true,"_links":{"self":[{"href":"https:\/\/armstrongyregion.com.ar\/diario\/wp-json\/wp\/v2\/posts\/6707","targetHints":{"allow":["GET"]}}],"collection":[{"href":"https:\/\/armstrongyregion.com.ar\/diario\/wp-json\/wp\/v2\/posts"}],"about":[{"href":"https:\/\/armstrongyregion.com.ar\/diario\/wp-json\/wp\/v2\/types\/post"}],"author":[{"embeddable":true,"href":"https:\/\/armstrongyregion.com.ar\/diario\/wp-json\/wp\/v2\/users\/2"}],"replies":[{"embeddable":true,"href":"https:\/\/armstrongyregion.com.ar\/diario\/wp-json\/wp\/v2\/comments?post=6707"}],"version-history":[{"count":0,"href":"https:\/\/armstrongyregion.com.ar\/diario\/wp-json\/wp\/v2\/posts\/6707\/revisions"}],"wp:featuredmedia":[{"embeddable":true,"href":"https:\/\/armstrongyregion.com.ar\/diario\/wp-json\/wp\/v2\/media\/6708"}],"wp:attachment":[{"href":"https:\/\/armstrongyregion.com.ar\/diario\/wp-json\/wp\/v2\/media?parent=6707"}],"wp:term":[{"taxonomy":"category","embeddable":true,"href":"https:\/\/armstrongyregion.com.ar\/diario\/wp-json\/wp\/v2\/categories?post=6707"},{"taxonomy":"post_tag","embeddable":true,"href":"https:\/\/armstrongyregion.com.ar\/diario\/wp-json\/wp\/v2\/tags?post=6707"}],"curies":[{"name":"wp","href":"https:\/\/api.w.org\/{rel}","templated":true}]}}