{"id":6703,"date":"2016-03-21T17:17:46","date_gmt":"2016-03-21T17:17:46","guid":{"rendered":"https:\/\/armstrongyregion.com.ar\/diario\/?p=6703"},"modified":"2016-03-21T17:17:46","modified_gmt":"2016-03-21T17:17:46","slug":"caso-de-dengue-positivo-en-la-ciudad","status":"publish","type":"post","link":"https:\/\/armstrongyregion.com.ar\/diario\/caso-de-dengue-positivo-en-la-ciudad\/","title":{"rendered":"Caso de Dengue positivo en la ciudad."},"content":{"rendered":"<p><a href=\"http:\/\/armstrongyregion.com.ar\/diario\/wp-content\/uploads\/2016\/03\/dengue.jpg\"><img loading=\"lazy\" decoding=\"async\" src=\"http:\/\/armstrongyregion.com.ar\/diario\/wp-content\/uploads\/2016\/03\/dengue.jpg\" alt=\"dengue\" width=\"768\" height=\"495\" class=\"alignnone size-full wp-image-6704\" srcset=\"https:\/\/armstrongyregion.com.ar\/diario\/wp-content\/uploads\/2016\/03\/dengue.jpg 768w, https:\/\/armstrongyregion.com.ar\/diario\/wp-content\/uploads\/2016\/03\/dengue-300x193.jpg 300w\" sizes=\"auto, (max-width: 768px) 100vw, 768px\" \/><\/a>El intendente Dr. Pablo Verdecchia, en la ma\u00f1ana de hoy brindo una conferencia de prensa junto al director del Samco, referentes de Susamco, y autoridades del cuerpo activo de Bomberos Voluntarios, informando sobre el caso de un ciudadano armstronense a quien  luego de la consulta m\u00e9dica y an\u00e1lisis solicitados le diagnosticaron Dengue positivo.<br \/>\nA ra\u00edz de este caso, el s\u00e1bado pasado desde las 8 de la ma\u00f1ana, integrantes de Defensa Civil  realizaron el bloqueo de las manzanas lindantes en el sector que comprende las calles Iraci, Hip\u00f3lito Irigoyen, Pio Chiodi y Bv. 14 de diciembre.<br \/>\nDe acuerdo al protocolo a seguir, este bloqueo sanitario consiste en la descacharrizaci\u00f3n de las viviendas, el control m\u00e9dico de pacientes con alg\u00fan s\u00edntoma y la fumigaci\u00f3n dentro del radio mencionado. Donde se concientiz\u00f3 a los vecinos sobre la importancia del descacharrado y la consulta r\u00e1pida al m\u00e9dico ante la presencia de fiebre alta.<br \/>\nEl intendente expres\u00f3 que si bien el caso de Dengue no es aut\u00f3ctono, es necesario que la poblaci\u00f3n est\u00e9 alerta y atenta a tomar el recaudo necesario.<\/p>\n","protected":false},"excerpt":{"rendered":"<p>El intendente Dr. Pablo Verdecchia, en la ma\u00f1ana de hoy brindo una conferencia de prensa junto al director del Samco, referentes de Susamco, y autoridades del cuerpo activo de Bomberos Voluntarios, informando sobre el caso de un ciudadano armstronense a quien luego de la consulta m\u00e9dica y an\u00e1lisis solicitados le diagnosticaron Dengue positivo. A ra\u00edz <a href=\"https:\/\/armstrongyregion.com.ar\/diario\/caso-de-dengue-positivo-en-la-ciudad\/\" title=\"Read more\" >&#8230;<\/a><\/p>\n","protected":false},"author":2,"featured_media":6704,"comment_status":"open","ping_status":"open","sticky":false,"template":"","format":"standard","meta":{"_jetpack_memberships_contains_paid_content":false,"footnotes":"","jetpack_publicize_message":"","jetpack_publicize_feature_enabled":true,"jetpack_social_post_already_shared":false,"jetpack_social_options":{"image_generator_settings":{"template":"highway","default_image_id":0,"enabled":false},"version":2}},"categories":[1,2,4],"tags":[297,390,19,3363,15,31,241],"class_list":["post-6703","post","type-post","status-publish","format-standard","has-post-thumbnail","hentry","category-diario-armstrong","category-locales","category-prevencion-salud","tag-caso","tag-ciudad","tag-de","tag-dengue","tag-en","tag-la","tag-positivo"],"jetpack_publicize_connections":[],"jetpack_featured_media_url":"https:\/\/armstrongyregion.com.ar\/diario\/wp-content\/uploads\/2016\/03\/dengue.jpg","jetpack_shortlink":"https:\/\/wp.me\/p62QDO-1K7","jetpack_sharing_enabled":true,"amp_enabled":true,"_links":{"self":[{"href":"https:\/\/armstrongyregion.com.ar\/diario\/wp-json\/wp\/v2\/posts\/6703","targetHints":{"allow":["GET"]}}],"collection":[{"href":"https:\/\/armstrongyregion.com.ar\/diario\/wp-json\/wp\/v2\/posts"}],"about":[{"href":"https:\/\/armstrongyregion.com.ar\/diario\/wp-json\/wp\/v2\/types\/post"}],"author":[{"embeddable":true,"href":"https:\/\/armstrongyregion.com.ar\/diario\/wp-json\/wp\/v2\/users\/2"}],"replies":[{"embeddable":true,"href":"https:\/\/armstrongyregion.com.ar\/diario\/wp-json\/wp\/v2\/comments?post=6703"}],"version-history":[{"count":0,"href":"https:\/\/armstrongyregion.com.ar\/diario\/wp-json\/wp\/v2\/posts\/6703\/revisions"}],"wp:featuredmedia":[{"embeddable":true,"href":"https:\/\/armstrongyregion.com.ar\/diario\/wp-json\/wp\/v2\/media\/6704"}],"wp:attachment":[{"href":"https:\/\/armstrongyregion.com.ar\/diario\/wp-json\/wp\/v2\/media?parent=6703"}],"wp:term":[{"taxonomy":"category","embeddable":true,"href":"https:\/\/armstrongyregion.com.ar\/diario\/wp-json\/wp\/v2\/categories?post=6703"},{"taxonomy":"post_tag","embeddable":true,"href":"https:\/\/armstrongyregion.com.ar\/diario\/wp-json\/wp\/v2\/tags?post=6703"}],"curies":[{"name":"wp","href":"https:\/\/api.w.org\/{rel}","templated":true}]}}