{"id":6700,"date":"2016-03-21T16:56:17","date_gmt":"2016-03-21T16:56:17","guid":{"rendered":"https:\/\/armstrongyregion.com.ar\/diario\/?p=6700"},"modified":"2016-03-21T16:56:17","modified_gmt":"2016-03-21T16:56:17","slug":"vicente-koller-me-torturaron-y-me-robaron-todo","status":"publish","type":"post","link":"https:\/\/armstrongyregion.com.ar\/diario\/vicente-koller-me-torturaron-y-me-robaron-todo\/","title":{"rendered":"Vicente Koller: \u201cMe torturaron y me robaron todo\u201d."},"content":{"rendered":"<p><a href=\"http:\/\/armstrongyregion.com.ar\/diario\/wp-content\/uploads\/2016\/03\/Vicente-Koller.jpg\"><img loading=\"lazy\" decoding=\"async\" src=\"http:\/\/armstrongyregion.com.ar\/diario\/wp-content\/uploads\/2016\/03\/Vicente-Koller.jpg\" alt=\"Vicente Koller\" width=\"768\" height=\"575\" class=\"alignnone size-full wp-image-6701\" srcset=\"https:\/\/armstrongyregion.com.ar\/diario\/wp-content\/uploads\/2016\/03\/Vicente-Koller.jpg 768w, https:\/\/armstrongyregion.com.ar\/diario\/wp-content\/uploads\/2016\/03\/Vicente-Koller-300x225.jpg 300w\" sizes=\"auto, (max-width: 768px) 100vw, 768px\" \/><\/a>El productor Vicente Koller fue la \u00faltima v\u00edctima de esta seguidilla de robos violentos que sufre la zona rural de Villa Elo\u00edsa. No s\u00f3lo le robaron todas las pertenencias (incluso un veh\u00edculo que luego apareci\u00f3 en Rosario) sino que lo amordazaron y le propinaron graves lesiones en su cuerpo. <\/p>\n<p>FUENTE: PERIODICO EL INFORME DE LA CIUDAD (CA\u00d1ADA DE GOMEZ)<\/p>\n<p>Este es el desgarrador testimonio del ex presidente comunal de Villa Elo\u00edsa:<br \/>\nV.K.: Fue hace dos viernes atr\u00e1s. Estaba en el campo y siempre tengo la precauci\u00f3n de tener todo cerrado. A la tardecita, despu\u00e9s de las 20, cuando me voy a sentar a comer me ingresan por la puerta del frente de la casa, se ve que me estaban esperando. Entraron con seguridad tres o cuatro personas, ah\u00ed nom\u00e1s me golpearon, me taparon y me pidieron la llave de la tranquera. La tranquera est\u00e1 a 800 metros de la casa, o sea que se vinieron caminando 800 metros, hablaban por handy y se ve que en la tranquera ten\u00edan un veh\u00edculo de gran porte. Me ataron con alambre, me pusieron en un sill\u00f3n y me golpearon bastante. Estuvieron aproximadamente dos horas llev\u00e1ndose todo, no solamente de la casa sino adem\u00e1s todo el equipamiento que ten\u00eda yo para trabajar en el campo: soldadura, equipo electr\u00f3geno, motosierra, cercadora\u2026<br \/>\nEse veh\u00edculo de gran porte en la tranquera para llevarse todo esto\u2026<br \/>\nV.K.: S\u00ed, porque no entra en un veh\u00edculo chico, adem\u00e1s de que se llevaron mi camioneta. Despu\u00e9s todo lo de la casa como electrodom\u00e9sticos, microondas, televisores, computadora, notebook, celulares, ropa, zapatos, todo. Habr\u00e1n estado dos horas trabajando y en una forma muy violenta. Me han quebrado dos costillas y me han hecho una serie de cosas irreproducibles con cuchillos y con bolsas de nylon, no s\u00e9 por qu\u00e9 porque la verdad que ya me hab\u00edan golpeado ya les hab\u00eda dado todo. Cada media hora entraban a golpearme y torturarme.<br \/>\n\u00bfUsted estaba solo en la casa?<br \/>\nV.K.: Termina agradeciendo uno que estaba solo. Se fueron cuando les dije que ten\u00eda que ir a buscar a mi se\u00f1ora que ven\u00eda de Rosario, me dio la sensaci\u00f3n que se apuraron porque me dejaron afuera un freezer grande y una m\u00e1quina de c\u00e9sped, o sea lo \u00fanico que no se llevaron. No s\u00e9 si no lo alcanzaron a cargar o no les entr\u00f3. Me demor\u00e9 unos cuarenta minutos en sacarme todos los alambres ya que me hab\u00edan atado piernas y manos. De ah\u00ed pude ir a pedir auxilio, primero en bicicleta, despu\u00e9s caminando a un campo vecino y un cuidador de campo me llev\u00f3 hasta el pueblo.<br \/>\n\u00bfActuaron a cara descubierta, estaban nerviosos o lo hac\u00edan con preparaci\u00f3n?<br \/>\nV.K.: Es una banda bien organizada, me animo a decir profesional, todos con pasamonta\u00f1as, guantes, pistolas, vestimenta pr\u00e1cticamente de negro. Estoy absolutamente convencido pero terriblemente convencido que es as\u00ed, este es el cuarto campo que hace esta misma banda, fueron cuatro campos en forma totalmente igual, sin necesidad de romper tranquera. Incluso me durmieron los dos perros. Estoy convencido de que es una banda profesional indudablemente con una complicidad local porque sab\u00edan absolutamente todo. Lo que es ins\u00f3lito e incre\u00edble es que ya sea el cuarto caso y no haya ni pistas ni nada de esta gente. La preocupaci\u00f3n mayor le queda a los que todav\u00eda est\u00e1n viviendo en campos similares al m\u00edo y hoy la verdad tiene un p\u00e1nico espantoso. Uno tambi\u00e9n ya queda con secuelas y con realmente una preocupaci\u00f3n extraordinaria. No se puede vivir as\u00ed. <\/p>\n<p>El caso del productor agropecuario Vicente Koller, ex presidente comunal de Villa Elo\u00edsa, es el cuarto que sucede en forma similar, aunque se registraron varios m\u00e1s en campos donde no habita nadie.<\/p>\n<p>\u00bfEl cuarto caso en el t\u00e9rmino de cu\u00e1nto tiempo?<br \/>\nV.K.: En el t\u00e9rmino de un a\u00f1o y medio, a lo sumo dos a\u00f1os. No puedo creer que no se pueda ni siquiera prevenir este tipo de cosas. Esto es tierra de nadie, estuve veinte a\u00f1os en la comuna hasta el mes de diciembre y lo que estoy viendo hoy no lo he visto nunca.<br \/>\n\u00bfPuede ser que recuperaron la camioneta?<br \/>\nV.K.: Apareci\u00f3 en Rosario, en un barrio donde es la tercera camioneta que aparece, donde aparentemente la banda es de ah\u00ed mismo. Nos estamos acostumbrando a vivir en el pa\u00eds de esta manera pero me resigno totalmente despu\u00e9s de haber estado luchando para que sea un pa\u00eds mejor\u2026 no puedo resignarme a vivir en un pa\u00eds entregado.<br \/>\n\u00bfQu\u00e9 le dir\u00eda a las autoridades pol\u00edticas de los distintos poderes del Estado?<br \/>\nV.K.: Pese haber estado veinte a\u00f1os en la funci\u00f3n p\u00fablica hasta el mes de diciembre, creo que he visto a partir del paso de los a\u00f1os un deterioro terrible de lo que es el accionar policial en lo que es la investigaci\u00f3n. La gente hablaba conmigo como presidente de la comuna y me contaban todas las cosas pero que por favor no se lo dijera a la polic\u00eda, entonces uno est\u00e1 en una encerrona que tiene que estar viendo con qui\u00e9n habla. La mayor\u00eda de la gente tiene una desconfianza terrible y esto creo que va a llevar tiempo poder revertirlo. Lo que uno podr\u00eda decirle a todos los niveles de gobierno es  que la prioridad n\u00famero uno es la seguridad, la gente vive con miedo o se est\u00e1 yendo la gente de los campos no porque sea inc\u00f3modo, por el barro o por la escuela de los hijos sino se est\u00e1n yendo por la desesperaci\u00f3n de ver la tierra de nadie y la inseguridad que hay.<br \/>\n\u00bfQuiz\u00e1s las fuerzas policiales no cuenten con todos los elementos para una investigaci\u00f3n de este tipo?<br \/>\nV.K.: En nuestro distrito en Villa Elo\u00edsa la polic\u00eda tiene un equipamiento relativamente bueno y como presidente comunal colocamos unas veinte c\u00e1maras de seguridad. Lo que yo s\u00ed creo y en eso estoy seguro de que lamentablemente se han perdido treinta a\u00f1os de capacitaci\u00f3n de la polic\u00eda porque cada uno que viene dice que lo mejor es esto y sacamos la escuela de oficiales y ponemos otra, y hacemos otra reforma y otra reforma. La capacitaci\u00f3n que tienen es realmente funesta porque no los hemos preparado. Todo lleva a que no tengamos un elemento de personal capacitado como corresponde sin los elementos de investigaci\u00f3n y de polic\u00eda cient\u00edfica como para poder aclarar estos casos. En mi casa han quedado gorritos, camperas, huellas y no sirven para nada porque no existen los registros de huellas dactilares que tenemos en los documentos. La verdad que uno vive resignado y mucha gente directamente ni hace la denuncia porque cree que no sirve para nada\u2026 uno se encuentra realmente en una situaci\u00f3n que nunca crey\u00f3 que iba a estar. <\/p>\n","protected":false},"excerpt":{"rendered":"<p>El productor Vicente Koller fue la \u00faltima v\u00edctima de esta seguidilla de robos violentos que sufre la zona rural de Villa Elo\u00edsa. No s\u00f3lo le robaron todas las pertenencias (incluso un veh\u00edculo que luego apareci\u00f3 en Rosario) sino que lo amordazaron y le propinaron graves lesiones en su cuerpo. FUENTE: PERIODICO EL INFORME DE LA <a href=\"https:\/\/armstrongyregion.com.ar\/diario\/vicente-koller-me-torturaron-y-me-robaron-todo\/\" title=\"Read more\" >&#8230;<\/a><\/p>\n","protected":false},"author":2,"featured_media":6701,"comment_status":"open","ping_status":"open","sticky":false,"template":"","format":"standard","meta":{"_jetpack_memberships_contains_paid_content":false,"footnotes":"","jetpack_publicize_message":"","jetpack_publicize_feature_enabled":true,"jetpack_social_post_already_shared":false,"jetpack_social_options":{"image_generator_settings":{"template":"highway","default_image_id":0,"enabled":false},"version":2}},"categories":[1,2,3],"tags":[3594,924,632,866,3595,3593,13],"class_list":["post-6700","post","type-post","status-publish","format-standard","has-post-thumbnail","hentry","category-diario-armstrong","category-locales","category-region","tag-koller","tag-me","tag-robaron","tag-todo","tag-torturaron","tag-vicente","tag-y"],"jetpack_publicize_connections":[],"jetpack_featured_media_url":"https:\/\/armstrongyregion.com.ar\/diario\/wp-content\/uploads\/2016\/03\/Vicente-Koller.jpg","jetpack_shortlink":"https:\/\/wp.me\/p62QDO-1K4","jetpack_sharing_enabled":true,"amp_enabled":true,"_links":{"self":[{"href":"https:\/\/armstrongyregion.com.ar\/diario\/wp-json\/wp\/v2\/posts\/6700","targetHints":{"allow":["GET"]}}],"collection":[{"href":"https:\/\/armstrongyregion.com.ar\/diario\/wp-json\/wp\/v2\/posts"}],"about":[{"href":"https:\/\/armstrongyregion.com.ar\/diario\/wp-json\/wp\/v2\/types\/post"}],"author":[{"embeddable":true,"href":"https:\/\/armstrongyregion.com.ar\/diario\/wp-json\/wp\/v2\/users\/2"}],"replies":[{"embeddable":true,"href":"https:\/\/armstrongyregion.com.ar\/diario\/wp-json\/wp\/v2\/comments?post=6700"}],"version-history":[{"count":0,"href":"https:\/\/armstrongyregion.com.ar\/diario\/wp-json\/wp\/v2\/posts\/6700\/revisions"}],"wp:featuredmedia":[{"embeddable":true,"href":"https:\/\/armstrongyregion.com.ar\/diario\/wp-json\/wp\/v2\/media\/6701"}],"wp:attachment":[{"href":"https:\/\/armstrongyregion.com.ar\/diario\/wp-json\/wp\/v2\/media?parent=6700"}],"wp:term":[{"taxonomy":"category","embeddable":true,"href":"https:\/\/armstrongyregion.com.ar\/diario\/wp-json\/wp\/v2\/categories?post=6700"},{"taxonomy":"post_tag","embeddable":true,"href":"https:\/\/armstrongyregion.com.ar\/diario\/wp-json\/wp\/v2\/tags?post=6700"}],"curies":[{"name":"wp","href":"https:\/\/api.w.org\/{rel}","templated":true}]}}