{"id":6697,"date":"2016-03-21T16:50:51","date_gmt":"2016-03-21T16:50:51","guid":{"rendered":"https:\/\/armstrongyregion.com.ar\/diario\/?p=6697"},"modified":"2016-03-21T16:50:51","modified_gmt":"2016-03-21T16:50:51","slug":"invitacion-a-charla-por-el-dia-de-la-memoria","status":"publish","type":"post","link":"https:\/\/armstrongyregion.com.ar\/diario\/invitacion-a-charla-por-el-dia-de-la-memoria\/","title":{"rendered":"Invitaci\u00f3n a Charla por el D\u00eda de la Memoria."},"content":{"rendered":"<p><a href=\"http:\/\/armstrongyregion.com.ar\/diario\/wp-content\/uploads\/2016\/03\/Charla-dia-memoria.jpg\"><img loading=\"lazy\" decoding=\"async\" src=\"http:\/\/armstrongyregion.com.ar\/diario\/wp-content\/uploads\/2016\/03\/Charla-dia-memoria.jpg\" alt=\"Charla dia-memoria\" width=\"2048\" height=\"1447\" class=\"alignnone size-full wp-image-6698\" srcset=\"https:\/\/armstrongyregion.com.ar\/diario\/wp-content\/uploads\/2016\/03\/Charla-dia-memoria.jpg 2048w, https:\/\/armstrongyregion.com.ar\/diario\/wp-content\/uploads\/2016\/03\/Charla-dia-memoria-300x212.jpg 300w, https:\/\/armstrongyregion.com.ar\/diario\/wp-content\/uploads\/2016\/03\/Charla-dia-memoria-1024x724.jpg 1024w\" sizes=\"auto, (max-width: 2048px) 100vw, 2048px\" \/><\/a>El Concejal Augusto Fischer invita a Ud. a la charla por el D\u00eda Nacional de la Memoria por la Verdad y la Justicia, a 40 a\u00f1os de la \u00faltima Dictadura C\u00edvico-Militar.<br \/>\nLa actividad se desarrollar\u00e1 el pr\u00f3ximo mi\u00e9rcoles 23 de marzo, a las 11 hs., en el Colegio Nacional, sito en calle P\u00edo Chiodi 788 de Armstrong.<br \/>\nLa jornada contar\u00e1 con la participaci\u00f3n de Josefina Tosetto Gonzalez (Dip. Nac., militante de Derechos Humanos e integrante de la agrupaci\u00f3n HIJOS), una madre de Plaza de Mayo (aun no confirmada cu\u00e1l de ellas) y Mario Bravo (nieto recuperado N*119 de la ciudad de Las Rosas).<br \/>\nEsperando contar con su presencia, saluda a Ud., atte. Augusto Fischer.  <\/p>\n","protected":false},"excerpt":{"rendered":"<p>El Concejal Augusto Fischer invita a Ud. a la charla por el D\u00eda Nacional de la Memoria por la Verdad y la Justicia, a 40 a\u00f1os de la \u00faltima Dictadura C\u00edvico-Militar. La actividad se desarrollar\u00e1 el pr\u00f3ximo mi\u00e9rcoles 23 de marzo, a las 11 hs., en el Colegio Nacional, sito en calle P\u00edo Chiodi 788 <a href=\"https:\/\/armstrongyregion.com.ar\/diario\/invitacion-a-charla-por-el-dia-de-la-memoria\/\" title=\"Read more\" >&#8230;<\/a><\/p>\n","protected":false},"author":2,"featured_media":6698,"comment_status":"open","ping_status":"open","sticky":false,"template":"","format":"standard","meta":{"_jetpack_memberships_contains_paid_content":false,"footnotes":"","jetpack_publicize_message":"","jetpack_publicize_feature_enabled":true,"jetpack_social_post_already_shared":false,"jetpack_social_options":{"image_generator_settings":{"template":"highway","default_image_id":0,"enabled":false},"version":2}},"categories":[6,1,2],"tags":[432,19,793,16,616,31,1058,60],"class_list":["post-6697","post","type-post","status-publish","format-standard","has-post-thumbnail","hentry","category-cultura-entretenimiento","category-diario-armstrong","category-locales","tag-charla","tag-de","tag-dia","tag-el","tag-invitacion","tag-la","tag-memoria","tag-por"],"jetpack_publicize_connections":[],"jetpack_featured_media_url":"https:\/\/armstrongyregion.com.ar\/diario\/wp-content\/uploads\/2016\/03\/Charla-dia-memoria.jpg","jetpack_shortlink":"https:\/\/wp.me\/p62QDO-1K1","jetpack_sharing_enabled":true,"amp_enabled":true,"_links":{"self":[{"href":"https:\/\/armstrongyregion.com.ar\/diario\/wp-json\/wp\/v2\/posts\/6697","targetHints":{"allow":["GET"]}}],"collection":[{"href":"https:\/\/armstrongyregion.com.ar\/diario\/wp-json\/wp\/v2\/posts"}],"about":[{"href":"https:\/\/armstrongyregion.com.ar\/diario\/wp-json\/wp\/v2\/types\/post"}],"author":[{"embeddable":true,"href":"https:\/\/armstrongyregion.com.ar\/diario\/wp-json\/wp\/v2\/users\/2"}],"replies":[{"embeddable":true,"href":"https:\/\/armstrongyregion.com.ar\/diario\/wp-json\/wp\/v2\/comments?post=6697"}],"version-history":[{"count":0,"href":"https:\/\/armstrongyregion.com.ar\/diario\/wp-json\/wp\/v2\/posts\/6697\/revisions"}],"wp:featuredmedia":[{"embeddable":true,"href":"https:\/\/armstrongyregion.com.ar\/diario\/wp-json\/wp\/v2\/media\/6698"}],"wp:attachment":[{"href":"https:\/\/armstrongyregion.com.ar\/diario\/wp-json\/wp\/v2\/media?parent=6697"}],"wp:term":[{"taxonomy":"category","embeddable":true,"href":"https:\/\/armstrongyregion.com.ar\/diario\/wp-json\/wp\/v2\/categories?post=6697"},{"taxonomy":"post_tag","embeddable":true,"href":"https:\/\/armstrongyregion.com.ar\/diario\/wp-json\/wp\/v2\/tags?post=6697"}],"curies":[{"name":"wp","href":"https:\/\/api.w.org\/{rel}","templated":true}]}}