{"id":6624,"date":"2016-03-16T23:03:52","date_gmt":"2016-03-16T23:03:52","guid":{"rendered":"https:\/\/armstrongyregion.com.ar\/diario\/?p=6624"},"modified":"2016-03-16T23:03:52","modified_gmt":"2016-03-16T23:03:52","slug":"el-senador-guillermo-cornaglia-se-reunio-con-la-ministra-balague","status":"publish","type":"post","link":"https:\/\/armstrongyregion.com.ar\/diario\/el-senador-guillermo-cornaglia-se-reunio-con-la-ministra-balague\/","title":{"rendered":"El Senador Guillermo Cornaglia se reuni\u00f3 con la Ministra Balagu\u00e9."},"content":{"rendered":"<p><a href=\"http:\/\/armstrongyregion.com.ar\/diario\/wp-content\/uploads\/2016\/03\/Guillermo-Cornaglia.png\"><img loading=\"lazy\" decoding=\"async\" class=\"alignnone size-medium wp-image-6625\" src=\"http:\/\/armstrongyregion.com.ar\/diario\/wp-content\/uploads\/2016\/03\/Guillermo-Cornaglia-300x191.png\" alt=\"Guillermo Cornaglia\" width=\"300\" height=\"191\" srcset=\"https:\/\/armstrongyregion.com.ar\/diario\/wp-content\/uploads\/2016\/03\/Guillermo-Cornaglia-300x191.png 300w, https:\/\/armstrongyregion.com.ar\/diario\/wp-content\/uploads\/2016\/03\/Guillermo-Cornaglia.png 768w\" sizes=\"auto, (max-width: 300px) 100vw, 300px\" \/><\/a>El Senador Guillermo Cornaglia particip\u00f3 de una reuni\u00f3n Junto a la Ministra de Educaci\u00f3n Claudia Balague y el Secretario de Educaci\u00f3n Dr Oscar Di Paolo.<\/p>\n<p>En la misma, el representante legislativo de nuestro Departamento, plante\u00f3 las\u00a0 necesidades de nuestra regi\u00f3n. Entre otros temas se trataron &#8211; Problemas de Infraestructura en Escuelas-\u00a0 Faltantes de Cargos y Utilizaci\u00f3n Institucional para edificios de Escuelas Rurales cerradas.<\/p>\n<p>Tambi\u00e9n retom\u00f3 la \u00a0Gesti\u00f3n por nuevo Edificio para Escuela T\u00e9cnica 291 de Armstrong. \u2013 Trat\u00f3 la Problem\u00e1tica de Escuela 1223 (El Semillero). &#8211; E.E.M.P.A. &#8211; Traslado de alumnos con Capacidades diferentes desde su pueblo a su Escuela (Becas).<\/p>\n<p>Cornaglia expres\u00f3, \u201cComo lo hab\u00eda dicho en la campa\u00f1a, asumimos y hoy, estamos trabajando fuertemente por la Educaci\u00f3n de nuestro Dpto. Belgrano\u201d.<\/p>\n","protected":false},"excerpt":{"rendered":"<p>El Senador Guillermo Cornaglia particip\u00f3 de una reuni\u00f3n Junto a la Ministra de Educaci\u00f3n Claudia Balague y el Secretario de Educaci\u00f3n Dr Oscar Di Paolo. En la misma, el representante legislativo de nuestro Departamento, plante\u00f3 las\u00a0 necesidades de nuestra regi\u00f3n. Entre otros temas se trataron &#8211; Problemas de Infraestructura en Escuelas-\u00a0 Faltantes de Cargos y <a href=\"https:\/\/armstrongyregion.com.ar\/diario\/el-senador-guillermo-cornaglia-se-reunio-con-la-ministra-balague\/\" title=\"Read more\" >&#8230;<\/a><\/p>\n","protected":false},"author":2,"featured_media":6625,"comment_status":"open","ping_status":"open","sticky":false,"template":"","format":"standard","meta":{"_jetpack_memberships_contains_paid_content":false,"footnotes":"","jetpack_publicize_message":"","jetpack_publicize_feature_enabled":true,"jetpack_social_post_already_shared":false,"jetpack_social_options":{"image_generator_settings":{"template":"highway","default_image_id":0,"enabled":false},"version":2}},"categories":[1,2,7,3],"tags":[3537,100,1324,16,3478,343,86,238],"class_list":["post-6624","post","type-post","status-publish","format-standard","has-post-thumbnail","hentry","category-diario-armstrong","category-locales","category-politica","category-region","tag-balague","tag-con","tag-cornaglia","tag-el","tag-ministra","tag-reunio","tag-se","tag-senador"],"jetpack_publicize_connections":[],"jetpack_featured_media_url":"https:\/\/armstrongyregion.com.ar\/diario\/wp-content\/uploads\/2016\/03\/Guillermo-Cornaglia.png","jetpack_shortlink":"https:\/\/wp.me\/p62QDO-1IQ","jetpack_sharing_enabled":true,"amp_enabled":true,"_links":{"self":[{"href":"https:\/\/armstrongyregion.com.ar\/diario\/wp-json\/wp\/v2\/posts\/6624","targetHints":{"allow":["GET"]}}],"collection":[{"href":"https:\/\/armstrongyregion.com.ar\/diario\/wp-json\/wp\/v2\/posts"}],"about":[{"href":"https:\/\/armstrongyregion.com.ar\/diario\/wp-json\/wp\/v2\/types\/post"}],"author":[{"embeddable":true,"href":"https:\/\/armstrongyregion.com.ar\/diario\/wp-json\/wp\/v2\/users\/2"}],"replies":[{"embeddable":true,"href":"https:\/\/armstrongyregion.com.ar\/diario\/wp-json\/wp\/v2\/comments?post=6624"}],"version-history":[{"count":0,"href":"https:\/\/armstrongyregion.com.ar\/diario\/wp-json\/wp\/v2\/posts\/6624\/revisions"}],"wp:featuredmedia":[{"embeddable":true,"href":"https:\/\/armstrongyregion.com.ar\/diario\/wp-json\/wp\/v2\/media\/6625"}],"wp:attachment":[{"href":"https:\/\/armstrongyregion.com.ar\/diario\/wp-json\/wp\/v2\/media?parent=6624"}],"wp:term":[{"taxonomy":"category","embeddable":true,"href":"https:\/\/armstrongyregion.com.ar\/diario\/wp-json\/wp\/v2\/categories?post=6624"},{"taxonomy":"post_tag","embeddable":true,"href":"https:\/\/armstrongyregion.com.ar\/diario\/wp-json\/wp\/v2\/tags?post=6624"}],"curies":[{"name":"wp","href":"https:\/\/api.w.org\/{rel}","templated":true}]}}