{"id":6620,"date":"2016-03-16T16:28:39","date_gmt":"2016-03-16T16:28:39","guid":{"rendered":"https:\/\/armstrongyregion.com.ar\/diario\/?p=6620"},"modified":"2016-03-16T16:30:48","modified_gmt":"2016-03-16T16:30:48","slug":"el-concejal-emiliano-gramigna-solicito-mejorar-la-entrada-por-calle-schaer","status":"publish","type":"post","link":"https:\/\/armstrongyregion.com.ar\/diario\/el-concejal-emiliano-gramigna-solicito-mejorar-la-entrada-por-calle-schaer\/","title":{"rendered":"El Concejal Emiliano Gramigna solicito mejorar la entrada por calle Schaer."},"content":{"rendered":"<p><a href=\"http:\/\/armstrongyregion.com.ar\/diario\/wp-content\/uploads\/2016\/03\/Concejal-Gramigna-.jpg\"><img loading=\"lazy\" decoding=\"async\" class=\"alignnone size-medium wp-image-6621\" src=\"http:\/\/armstrongyregion.com.ar\/diario\/wp-content\/uploads\/2016\/03\/Concejal-Gramigna--300x203.jpg\" alt=\"Concejal-Gramigna-\" width=\"300\" height=\"203\" srcset=\"https:\/\/armstrongyregion.com.ar\/diario\/wp-content\/uploads\/2016\/03\/Concejal-Gramigna--300x203.jpg 300w, https:\/\/armstrongyregion.com.ar\/diario\/wp-content\/uploads\/2016\/03\/Concejal-Gramigna-.jpg 768w\" sizes=\"auto, (max-width: 300px) 100vw, 300px\" \/><\/a>El Concejal Emiliano Gramigna solicito dentro del Concejo Municipal que se acondicione la entrada de la ciudad por calle Schaer en toda su extensi\u00f3n.<br \/>\nSobre el tema el edil expreso \u00ablos lomos de burros est\u00e1n rotos, las calles con pozos y las zanjas con malezas, creo que hoy toda esa zona se convirti\u00f3 en un polo comercial muy importante donde hay much\u00edsimos comercios y el tr\u00e1nsito de peatones es enorme, adem\u00e1s hay que tener en cuenta que es una de las entradas principales de la ciudad y debe mantenerse en optimas condiciones\u00bb<br \/>\nAl final de la sesi\u00f3n el Concejal expreso que resultaba necesario citar al Secretario de Obras P\u00fablicas, al consultarlo manifest\u00f3 \u00abla mayor\u00eda de los pedidos del Concejo son de obra p\u00fablica es por eso que creo conveniente citar al Secretario para saber cual va a ser la linea de trabajo de este a\u00f1o, ya que como Concejales debemos tener esa informaci\u00f3n para poder transmitirla a cada vecino ante cualquier reclamo\u00bb<\/p>\n","protected":false},"excerpt":{"rendered":"<p>El Concejal Emiliano Gramigna solicito dentro del Concejo Municipal que se acondicione la entrada de la ciudad por calle Schaer en toda su extensi\u00f3n. Sobre el tema el edil expreso \u00ablos lomos de burros est\u00e1n rotos, las calles con pozos y las zanjas con malezas, creo que hoy toda esa zona se convirti\u00f3 en un <a href=\"https:\/\/armstrongyregion.com.ar\/diario\/el-concejal-emiliano-gramigna-solicito-mejorar-la-entrada-por-calle-schaer\/\" title=\"Read more\" >&#8230;<\/a><\/p>\n","protected":false},"author":2,"featured_media":6621,"comment_status":"open","ping_status":"open","sticky":false,"template":"","format":"standard","meta":{"_jetpack_memberships_contains_paid_content":false,"footnotes":"","jetpack_publicize_message":"","jetpack_publicize_feature_enabled":true,"jetpack_social_post_already_shared":false,"jetpack_social_options":{"image_generator_settings":{"template":"highway","default_image_id":0,"enabled":false},"version":2}},"categories":[8,1,2],"tags":[345,673,19,16,3570,979,31,2116,3571,2732],"class_list":["post-6620","post","type-post","status-publish","format-standard","has-post-thumbnail","hentry","category-deliberando","category-diario-armstrong","category-locales","tag-calle","tag-concejal","tag-de","tag-el","tag-entrada","tag-gramigna","tag-la","tag-mejorar","tag-saher","tag-solicito"],"jetpack_publicize_connections":[],"jetpack_featured_media_url":"https:\/\/armstrongyregion.com.ar\/diario\/wp-content\/uploads\/2016\/03\/Concejal-Gramigna-.jpg","jetpack_shortlink":"https:\/\/wp.me\/p62QDO-1IM","jetpack_sharing_enabled":true,"amp_enabled":true,"_links":{"self":[{"href":"https:\/\/armstrongyregion.com.ar\/diario\/wp-json\/wp\/v2\/posts\/6620","targetHints":{"allow":["GET"]}}],"collection":[{"href":"https:\/\/armstrongyregion.com.ar\/diario\/wp-json\/wp\/v2\/posts"}],"about":[{"href":"https:\/\/armstrongyregion.com.ar\/diario\/wp-json\/wp\/v2\/types\/post"}],"author":[{"embeddable":true,"href":"https:\/\/armstrongyregion.com.ar\/diario\/wp-json\/wp\/v2\/users\/2"}],"replies":[{"embeddable":true,"href":"https:\/\/armstrongyregion.com.ar\/diario\/wp-json\/wp\/v2\/comments?post=6620"}],"version-history":[{"count":0,"href":"https:\/\/armstrongyregion.com.ar\/diario\/wp-json\/wp\/v2\/posts\/6620\/revisions"}],"wp:featuredmedia":[{"embeddable":true,"href":"https:\/\/armstrongyregion.com.ar\/diario\/wp-json\/wp\/v2\/media\/6621"}],"wp:attachment":[{"href":"https:\/\/armstrongyregion.com.ar\/diario\/wp-json\/wp\/v2\/media?parent=6620"}],"wp:term":[{"taxonomy":"category","embeddable":true,"href":"https:\/\/armstrongyregion.com.ar\/diario\/wp-json\/wp\/v2\/categories?post=6620"},{"taxonomy":"post_tag","embeddable":true,"href":"https:\/\/armstrongyregion.com.ar\/diario\/wp-json\/wp\/v2\/tags?post=6620"}],"curies":[{"name":"wp","href":"https:\/\/api.w.org\/{rel}","templated":true}]}}