{"id":6611,"date":"2016-03-16T15:43:08","date_gmt":"2016-03-16T15:43:08","guid":{"rendered":"https:\/\/armstrongyregion.com.ar\/diario\/?p=6611"},"modified":"2016-03-16T15:43:08","modified_gmt":"2016-03-16T15:43:08","slug":"canada-de-gomez-19-denuncias-en-el-buzon-de-la-vida","status":"publish","type":"post","link":"https:\/\/armstrongyregion.com.ar\/diario\/canada-de-gomez-19-denuncias-en-el-buzon-de-la-vida\/","title":{"rendered":"Ca\u00f1ada de G\u00f3mez. 19 denuncias en el Buz\u00f3n de la Vida."},"content":{"rendered":"<p><a href=\"http:\/\/armstrongyregion.com.ar\/diario\/wp-content\/uploads\/2016\/03\/Luis-Leiva.jpg\"><img loading=\"lazy\" decoding=\"async\" class=\"alignnone size-medium wp-image-6612\" src=\"http:\/\/armstrongyregion.com.ar\/diario\/wp-content\/uploads\/2016\/03\/Luis-Leiva-300x200.jpg\" alt=\"Luis-Leiva\" width=\"300\" height=\"200\" srcset=\"https:\/\/armstrongyregion.com.ar\/diario\/wp-content\/uploads\/2016\/03\/Luis-Leiva-300x200.jpg 300w, https:\/\/armstrongyregion.com.ar\/diario\/wp-content\/uploads\/2016\/03\/Luis-Leiva.jpg 768w\" sizes=\"auto, (max-width: 300px) 100vw, 300px\" \/><\/a>Junto a representantes de instituciones se realiz\u00f3 una nueva apertura frente al Cuartel del Bomberos Voluntarios.<\/p>\n<p>En la ma\u00f1ana hoy el coordinador de Seguridad Ciudadana realiz\u00f3 una nueva apertura del Buz\u00f3n de la Vida en las instalaciones del Cuartel de<br \/>\nBomberos. Ante la participaci\u00f3n de representantes de instituciones se encontraron 19 denuncias que ser\u00e1n remitidas a la Justicia Federal.<br \/>\nLeiva destac\u00f3 en esta oportunidad el acompa\u00f1amiento de quienes ten\u00edan en su custodia las llaves y quienes las tendr\u00e1n para la pr\u00f3xima apertura<br \/>\nque se realizar\u00e1 el 15 de abril. Finalmente resalt\u00f3 \u201cseguimos trabajando desde el Consejo de Seguridad, con esta herramienta que es el Buz\u00f3n y<br \/>\nlas dem\u00e1s conquistas, como el convenio parea que comience a funcionar el 911 en la ciudad\u201d.<br \/>\nFinalmente, convoc\u00f3 a vecinos e instituciones a participar de una nueva reuni\u00f3n del Consejo de Seguridad el pr\u00f3ximo lunes 21 de marzo a partir<br \/>\nde las 19 hs. en el Auditorio Santa Cecilia.<\/p>\n","protected":false},"excerpt":{"rendered":"<p>Junto a representantes de instituciones se realiz\u00f3 una nueva apertura frente al Cuartel del Bomberos Voluntarios. En la ma\u00f1ana hoy el coordinador de Seguridad Ciudadana realiz\u00f3 una nueva apertura del Buz\u00f3n de la Vida en las instalaciones del Cuartel de Bomberos. Ante la participaci\u00f3n de representantes de instituciones se encontraron 19 denuncias que ser\u00e1n remitidas <a href=\"https:\/\/armstrongyregion.com.ar\/diario\/canada-de-gomez-19-denuncias-en-el-buzon-de-la-vida\/\" title=\"Read more\" >&#8230;<\/a><\/p>\n","protected":false},"author":2,"featured_media":6612,"comment_status":"open","ping_status":"open","sticky":false,"template":"","format":"standard","meta":{"_jetpack_memberships_contains_paid_content":false,"footnotes":"","jetpack_publicize_message":"","jetpack_publicize_feature_enabled":true,"jetpack_social_post_already_shared":false,"jetpack_social_options":{"image_generator_settings":{"template":"highway","default_image_id":0,"enabled":false},"version":2}},"categories":[1,2,3],"tags":[479,455,19,454,16,15,31,456],"class_list":["post-6611","post","type-post","status-publish","format-standard","has-post-thumbnail","hentry","category-diario-armstrong","category-locales","category-region","tag-479","tag-buzon","tag-de","tag-denuncias","tag-el","tag-en","tag-la","tag-vida"],"jetpack_publicize_connections":[],"jetpack_featured_media_url":"https:\/\/armstrongyregion.com.ar\/diario\/wp-content\/uploads\/2016\/03\/Luis-Leiva.jpg","jetpack_shortlink":"https:\/\/wp.me\/p62QDO-1ID","jetpack_sharing_enabled":true,"amp_enabled":true,"_links":{"self":[{"href":"https:\/\/armstrongyregion.com.ar\/diario\/wp-json\/wp\/v2\/posts\/6611","targetHints":{"allow":["GET"]}}],"collection":[{"href":"https:\/\/armstrongyregion.com.ar\/diario\/wp-json\/wp\/v2\/posts"}],"about":[{"href":"https:\/\/armstrongyregion.com.ar\/diario\/wp-json\/wp\/v2\/types\/post"}],"author":[{"embeddable":true,"href":"https:\/\/armstrongyregion.com.ar\/diario\/wp-json\/wp\/v2\/users\/2"}],"replies":[{"embeddable":true,"href":"https:\/\/armstrongyregion.com.ar\/diario\/wp-json\/wp\/v2\/comments?post=6611"}],"version-history":[{"count":0,"href":"https:\/\/armstrongyregion.com.ar\/diario\/wp-json\/wp\/v2\/posts\/6611\/revisions"}],"wp:featuredmedia":[{"embeddable":true,"href":"https:\/\/armstrongyregion.com.ar\/diario\/wp-json\/wp\/v2\/media\/6612"}],"wp:attachment":[{"href":"https:\/\/armstrongyregion.com.ar\/diario\/wp-json\/wp\/v2\/media?parent=6611"}],"wp:term":[{"taxonomy":"category","embeddable":true,"href":"https:\/\/armstrongyregion.com.ar\/diario\/wp-json\/wp\/v2\/categories?post=6611"},{"taxonomy":"post_tag","embeddable":true,"href":"https:\/\/armstrongyregion.com.ar\/diario\/wp-json\/wp\/v2\/tags?post=6611"}],"curies":[{"name":"wp","href":"https:\/\/api.w.org\/{rel}","templated":true}]}}